{"id":9958,"date":"2025-11-25T10:54:13","date_gmt":"2025-11-25T09:54:13","guid":{"rendered":"https:\/\/projectes.xtec.cat\/educacio-literaria\/?p=9958"},"modified":"2025-11-25T10:57:12","modified_gmt":"2025-11-25T09:57:12","slug":"premi-filcat-ub-de-treballs-de-recerca-de-llengua-i-literatura-catalanes-2","status":"publish","type":"post","link":"https:\/\/projectes.xtec.cat\/educacio-literaria\/portada\/premi-filcat-ub-de-treballs-de-recerca-de-llengua-i-literatura-catalanes-2\/","title":{"rendered":"Premi FilCat.UB de treballs de recerca de llengua i literatura catalanes"},"content":{"rendered":"\n<p style=\"text-align: justify;\"><a href=\"https:\/\/projectes.xtec.cat\/educacio-literaria\/wp-content\/uploads\/usu2578\/2025\/11\/cartell_filcatubpremi_2026.jpg\"><img loading=\"lazy\" decoding=\"async\" class=\" wp-image-9959 alignleft\" src=\"https:\/\/projectes.xtec.cat\/educacio-literaria\/wp-content\/uploads\/usu2578\/2025\/11\/cartell_filcatubpremi_2026.jpg\" alt=\"\" width=\"282\" height=\"399\" srcset=\"https:\/\/projectes.xtec.cat\/educacio-literaria\/wp-content\/uploads\/usu2578\/2025\/11\/cartell_filcatubpremi_2026.jpg 339w, https:\/\/projectes.xtec.cat\/educacio-literaria\/wp-content\/uploads\/usu2578\/2025\/11\/cartell_filcatubpremi_2026-212x300.jpg 212w\" sizes=\"auto, (max-width: 282px) 100vw, 282px\" \/><\/a>Els Estudis de Filologia Catalana\u00a0de la Universitat de Barcelona convoquen\u00a0<strong>des del 2014<\/strong>\u00a0el<a href=\"https:\/\/filcat.ub.edu\/premi-filcatub\">\u00a0<strong>Premi FilCat.UB<\/strong><\/a> amb l&#8217;objectiu de promoure els treballs de recerca de batxillerat que tinguin per objecte d&#8217;estudi qualsevol aspecte de la llengua i la literatura catalanes.<\/p>\n<p style=\"text-align: justify;\">El premi, adre\u00e7at als estudiants de segon curs de batxillerat de tots els centres educatius de les terres de llengua catalana, t\u00e9 dues modalitats:<\/p>\n<ul>\n<li style=\"list-style-type: none;\">\n<ul>\n<li style=\"list-style-type: none;\">\n<ul>\n<li style=\"list-style-type: none;\">\n<ul>\n<li style=\"list-style-type: none;\">\n<ul>\n<li style=\"list-style-type: none;\">\n<ul>\n<li style=\"list-style-type: none;\">\n<ul>\n<li style=\"list-style-type: none;\">\n<ul style=\"text-align: justify;\">\n<li>Treballs de recerca de batxillerat sobre llengua catalana<\/li>\n<li>Treballs de recerca de batxillerat sobre literatura catalana<\/li>\n<\/ul>\n<\/li>\n<\/ul>\n<\/li>\n<\/ul>\n<\/li>\n<\/ul>\n<\/li>\n<\/ul>\n<\/li>\n<\/ul>\n<\/li>\n<\/ul>\n<\/li>\n<\/ul>\n<p style=\"text-align: justify;\">S&#8217;hi poden presentar <strong>treballs fets el curs 2025-26 fins al 13 de mar\u00e7 de 2026. <\/strong>Es premiaran els treballs originals i in\u00e8dits escrits en llengua catalana que excel\u00b7leixin pel seu rigor, imaginaci\u00f3 i creativitat.<\/p>\n<p style=\"text-align: justify;\">Com que es publiquen al Dip\u00f2sit Digital de la Universitat de Barcelona, podeu consultar els treballs premiats en convocat\u00f2ries anteriors <a href=\"https:\/\/diposit.ub.edu\/collections\/f5704f6f-868e-4b19-958f-1eada070d016\"><strong>en aquest enlla\u00e7<\/strong>.<\/a><\/p>\n<p style=\"text-align: justify;\"><strong>Com participar-hi. <\/strong>Per poder optar al premi cal presentar una\u00a0<a class=\"file file--mime-application-pdf file--application-pdf\" href=\"https:\/\/departament-filcat-linguistica.ub.edu\/sites\/default\/files\/inline-files\/sol-licitud-participacio-11e-premi-filcatub-2026_0.pdf\" target=\"_blank\" rel=\"noopener\" data-entity-type=\"file\" data-entity-uuid=\"345a3d3a-4da7-4062-bd21-7fc776bef69c\"><strong>sol\u00b7licitud de participaci\u00f3<\/strong><\/a>. Quan la sol\u00b7licitud sigui acceptada, els candidats rebran informaci\u00f3 per correu sobre el procediment que han de seguir per al lliurament de la documentaci\u00f3. Cal tenir present que, a part d&#8217;altres documents, s&#8217;haur\u00e0 de presentar una c\u00f2pia en format .pdf del\u00a0treball escrit\u00a0i un\u00a0v\u00eddeo de 3 minuts\u00a0on els candidats expliquin els aspectes essencials del treball (ha de ser un v\u00eddeo senzill, que es pot enregistrar amb el m\u00f2bil).<\/p>\n<p>Trobareu informaci\u00f3 m\u00e9s detallada a les<strong>\u00a0<a class=\"file file--mime-application-pdf file--application-pdf\" href=\"https:\/\/departament-filcat-linguistica.ub.edu\/sites\/default\/files\/inline-files\/bases-11e-premi-filcat.ub-2026_1.pdf\" target=\"_blank\" rel=\"noopener\" data-entity-type=\"file\" data-entity-uuid=\"12b9fa07-f623-4b73-bf1f-13c72661fc24\">bases del premi<\/a><\/strong>.<\/p>\n<p style=\"text-align: justify;\"><strong>Premis<\/strong><\/p>\n<ul>\n<li>Premi al millor treball en la categoria de llengua catalana<\/li>\n<li>Premi al millor treball en la categoria de literatura catalana<\/li>\n<li>2 mencions en la categoria de llengua catalana<\/li>\n<li>2 mencions en la categoria de literatura catalana<\/li>\n<\/ul>\n<p><strong>Dotacions<\/strong><\/p>\n<p>Per a l\u2019estudiant:<\/p>\n<ul>\n<li>Premis: una dotaci\u00f3 econ\u00f2mica de 350 \u20ac, un diploma acreditatiu i un lot de productes UB<\/li>\n<li>Mencions: un val de 100 \u20ac per a la compra de llibres, un diploma acreditatiu i un lot de productes UB<\/li>\n<\/ul>\n<p>Per al centre educatiu:<\/p>\n<ul>\n<li>Un val de 100 \u20ac per a la compra de llibres<\/li>\n<li>Dos diplomes acreditatius (per al centre i per al tutor)<\/li>\n<\/ul>\n<p>En cas que el treball sigui col\u00b7lectiu, el premi es repartir\u00e0 entre els autors.<\/p>\n","protected":false},"excerpt":{"rendered":"<p>S\u2019ha obert la convocat\u00f2ria de la\u00a011a edici\u00f3 del Premi FilCat.UB (2024), de treballs de recerca de llengua i literatura catalanes de batxillerat, adre\u00e7at als estudiants de segon curs de batxillerat de tots els centres educatius de les\u00a0terres de llengua catalana.&hellip;  <a href=\"https:\/\/projectes.xtec.cat\/educacio-literaria\/portada\/premi-filcat-ub-de-treballs-de-recerca-de-llengua-i-literatura-catalanes-2\/\" title=\"Read Premi FilCat.UB de treballs de recerca de llengua i literatura catalanes\">Llegeix m\u00e9s\u00bb<\/a><\/p>\n","protected":false},"author":1,"featured_media":9960,"comment_status":"open","ping_status":"open","sticky":false,"template":"","format":"standard","meta":{"_bbp_topic_count":0,"_bbp_reply_count":0,"_bbp_total_topic_count":0,"_bbp_total_reply_count":0,"_bbp_voice_count":0,"_bbp_anonymous_reply_count":0,"_bbp_topic_count_hidden":0,"_bbp_reply_count_hidden":0,"_bbp_forum_subforum_count":0,"footnotes":""},"categories":[29],"tags":[301,447,419,675],"class_list":["post-9958","post","type-post","status-publish","format-standard","has-post-thumbnail","hentry","category-portada","tag-batxillerat","tag-filcat-ub","tag-premis","tag-treballs-de-recerca"],"post_mailing_queue_ids":[],"_links":{"self":[{"href":"https:\/\/projectes.xtec.cat\/educacio-literaria\/wp-json\/wp\/v2\/posts\/9958","targetHints":{"allow":["GET"]}}],"collection":[{"href":"https:\/\/projectes.xtec.cat\/educacio-literaria\/wp-json\/wp\/v2\/posts"}],"about":[{"href":"https:\/\/projectes.xtec.cat\/educacio-literaria\/wp-json\/wp\/v2\/types\/post"}],"author":[{"embeddable":true,"href":"https:\/\/projectes.xtec.cat\/educacio-literaria\/wp-json\/wp\/v2\/users\/1"}],"replies":[{"embeddable":true,"href":"https:\/\/projectes.xtec.cat\/educacio-literaria\/wp-json\/wp\/v2\/comments?post=9958"}],"version-history":[{"count":2,"href":"https:\/\/projectes.xtec.cat\/educacio-literaria\/wp-json\/wp\/v2\/posts\/9958\/revisions"}],"predecessor-version":[{"id":9962,"href":"https:\/\/projectes.xtec.cat\/educacio-literaria\/wp-json\/wp\/v2\/posts\/9958\/revisions\/9962"}],"wp:featuredmedia":[{"embeddable":true,"href":"https:\/\/projectes.xtec.cat\/educacio-literaria\/wp-json\/wp\/v2\/media\/9960"}],"wp:attachment":[{"href":"https:\/\/projectes.xtec.cat\/educacio-literaria\/wp-json\/wp\/v2\/media?parent=9958"}],"wp:term":[{"taxonomy":"category","embeddable":true,"href":"https:\/\/projectes.xtec.cat\/educacio-literaria\/wp-json\/wp\/v2\/categories?post=9958"},{"taxonomy":"post_tag","embeddable":true,"href":"https:\/\/projectes.xtec.cat\/educacio-literaria\/wp-json\/wp\/v2\/tags?post=9958"}],"curies":[{"name":"wp","href":"https:\/\/api.w.org\/{rel}","templated":true}]}}