{"id":9993,"date":"2026-01-08T09:32:27","date_gmt":"2026-01-08T08:32:27","guid":{"rendered":"https:\/\/projectes.xtec.cat\/educacio-literaria\/?p=9993"},"modified":"2026-01-08T09:35:00","modified_gmt":"2026-01-08T08:35:00","slug":"viatge-literari-a-ginebra-una-ciutat-dues-escriptores","status":"publish","type":"post","link":"https:\/\/projectes.xtec.cat\/educacio-literaria\/general\/viatge-literari-a-ginebra-una-ciutat-dues-escriptores\/","title":{"rendered":"Viatge literari a Ginebra: &#8220;Una ciutat, dues escriptores&#8221;"},"content":{"rendered":"\n<div class=\"rich-bulletin-content\">\n<p style=\"text-align: justify;\">L&#8217;associaci\u00f3 Espais escrits organitza aquesta <strong>escapada<\/strong> <strong>liter\u00e0ria a Ginebra del 20 al 22 de mar\u00e7<\/strong> per descobrir el vincle de les escriptores Aurora Bertrana i Merce\u0300 Rodoreda amb aquesta ciutat su\u00efssa de la m\u00e0 de Neus Real, filo\u0300loga i especialista en les dues autores. Abans del viatge s&#8217;oferir\u00e0 una xerrada amb recomanacions de lectura i es facilitar\u00e0 un dossier amb els materials per fer la ruta.<\/p>\n<\/div>\n<p class=\"margin-bottom-15\"><a href=\"https:\/\/projectes.xtec.cat\/educacio-literaria\/wp-content\/uploads\/usu2578\/2026\/01\/Ginebra.jpg\"><img loading=\"lazy\" decoding=\"async\" class=\"wp-image-9996  aligncenter\" src=\"https:\/\/projectes.xtec.cat\/educacio-literaria\/wp-content\/uploads\/usu2578\/2026\/01\/Ginebra.jpg\" alt=\"\" width=\"731\" height=\"165\" srcset=\"https:\/\/projectes.xtec.cat\/educacio-literaria\/wp-content\/uploads\/usu2578\/2026\/01\/Ginebra.jpg 793w, https:\/\/projectes.xtec.cat\/educacio-literaria\/wp-content\/uploads\/usu2578\/2026\/01\/Ginebra-300x68.jpg 300w, https:\/\/projectes.xtec.cat\/educacio-literaria\/wp-content\/uploads\/usu2578\/2026\/01\/Ginebra-768x173.jpg 768w\" sizes=\"auto, (max-width: 731px) 100vw, 731px\" \/><\/a><\/p>\n<p class=\"margin-bottom-15\">Consulteu el programa i el pressupost<a href=\"https:\/\/www.espaisescrits.cat\/storage\/01KCV3TT187XCZTDWFTHRH1GGR.pdf\"> en aquest enlla\u00e7<\/a>.<\/p>\n<p class=\"margin-bottom-15\">Per a inscriure-us-hi escriviu a <a href=\"mailto:info@espaisescrits.cat\">info@espaisescrits.cat<\/a><\/p>\n\n\n\n<p><a href=\"https:\/\/projectes.xtec.cat\/educacio-literaria\/wp-content\/uploads\/usu2578\/2026\/01\/ginebra2.jpg\"><img loading=\"lazy\" decoding=\"async\" class=\"wp-image-9994 aligncenter\" src=\"https:\/\/projectes.xtec.cat\/educacio-literaria\/wp-content\/uploads\/usu2578\/2026\/01\/ginebra2.jpg\" alt=\"\" width=\"510\" height=\"325\" srcset=\"https:\/\/projectes.xtec.cat\/educacio-literaria\/wp-content\/uploads\/usu2578\/2026\/01\/ginebra2.jpg 697w, https:\/\/projectes.xtec.cat\/educacio-literaria\/wp-content\/uploads\/usu2578\/2026\/01\/ginebra2-300x192.jpg 300w\" sizes=\"auto, (max-width: 510px) 100vw, 510px\" \/><\/a><\/p>\n","protected":false},"excerpt":{"rendered":"<p>L&#8217;associaci\u00f3 Espais escrits organitza aquesta escapada liter\u00e0ria a Ginebra del 20 al 22 de mar\u00e7 per descobrir el vincle de les escriptores Aurora Bertrana i Merce\u0300 Rodoreda amb aquesta ciutat su\u00efssa de la m\u00e0 de Neus Real, filo\u0300loga i especialista en les dues autores. Abans del viatge s&#8217;oferir\u00e0 una xerrada amb recomanacions de lectura i es facilitar\u00e0 un dossier amb els materials per fer la ruta.&hellip;  <a href=\"https:\/\/projectes.xtec.cat\/educacio-literaria\/general\/viatge-literari-a-ginebra-una-ciutat-dues-escriptores\/\" title=\"Read Viatge literari a Ginebra: &#8220;Una ciutat, dues escriptores&#8221;\">Llegeix m\u00e9s\u00bb<\/a><\/p>\n","protected":false},"author":1,"featured_media":9996,"comment_status":"open","ping_status":"open","sticky":false,"template":"","format":"standard","meta":{"_bbp_topic_count":0,"_bbp_reply_count":0,"_bbp_total_topic_count":0,"_bbp_total_reply_count":0,"_bbp_voice_count":0,"_bbp_anonymous_reply_count":0,"_bbp_topic_count_hidden":0,"_bbp_reply_count_hidden":0,"_bbp_forum_subforum_count":0,"footnotes":""},"categories":[64,154,1,29],"tags":[676,310,677,313,444,678],"class_list":["post-9993","post","type-post","status-publish","format-standard","has-post-thumbnail","hentry","category-comunitat","category-formacio","category-general","category-portada","tag-bertrana","tag-espais-escrits","tag-ginebra","tag-literatura-catalana","tag-rodoreda","tag-viatge-literari"],"post_mailing_queue_ids":[],"_links":{"self":[{"href":"https:\/\/projectes.xtec.cat\/educacio-literaria\/wp-json\/wp\/v2\/posts\/9993","targetHints":{"allow":["GET"]}}],"collection":[{"href":"https:\/\/projectes.xtec.cat\/educacio-literaria\/wp-json\/wp\/v2\/posts"}],"about":[{"href":"https:\/\/projectes.xtec.cat\/educacio-literaria\/wp-json\/wp\/v2\/types\/post"}],"author":[{"embeddable":true,"href":"https:\/\/projectes.xtec.cat\/educacio-literaria\/wp-json\/wp\/v2\/users\/1"}],"replies":[{"embeddable":true,"href":"https:\/\/projectes.xtec.cat\/educacio-literaria\/wp-json\/wp\/v2\/comments?post=9993"}],"version-history":[{"count":6,"href":"https:\/\/projectes.xtec.cat\/educacio-literaria\/wp-json\/wp\/v2\/posts\/9993\/revisions"}],"predecessor-version":[{"id":10001,"href":"https:\/\/projectes.xtec.cat\/educacio-literaria\/wp-json\/wp\/v2\/posts\/9993\/revisions\/10001"}],"wp:featuredmedia":[{"embeddable":true,"href":"https:\/\/projectes.xtec.cat\/educacio-literaria\/wp-json\/wp\/v2\/media\/9996"}],"wp:attachment":[{"href":"https:\/\/projectes.xtec.cat\/educacio-literaria\/wp-json\/wp\/v2\/media?parent=9993"}],"wp:term":[{"taxonomy":"category","embeddable":true,"href":"https:\/\/projectes.xtec.cat\/educacio-literaria\/wp-json\/wp\/v2\/categories?post=9993"},{"taxonomy":"post_tag","embeddable":true,"href":"https:\/\/projectes.xtec.cat\/educacio-literaria\/wp-json\/wp\/v2\/tags?post=9993"}],"curies":[{"name":"wp","href":"https:\/\/api.w.org\/{rel}","templated":true}]}}