{"id":10016,"date":"2023-08-29T12:10:41","date_gmt":"2023-08-29T10:10:41","guid":{"rendered":"https:\/\/projectes.xtec.cat\/educacioinclusiva\/?p=10016"},"modified":"2023-08-29T12:06:34","modified_gmt":"2023-08-29T10:06:34","slug":"nou-model-per-a-lelaboracio-del-pla-de-suport-individualitzat","status":"publish","type":"post","link":"https:\/\/projectes.xtec.cat\/educacioinclusiva\/general\/nou-model-per-a-lelaboracio-del-pla-de-suport-individualitzat\/","title":{"rendered":"Nou model per a l&#8217;elaboraci\u00f3 del pla de suport individualitzat"},"content":{"rendered":"<p><a href=\"https:\/\/projectes.xtec.cat\/educacioinclusiva\/?attachment_id=10018\" rel=\"attachment wp-att-10018\"><img loading=\"lazy\" decoding=\"async\" class=\"size-medium wp-image-10018 alignright\" src=\"https:\/\/projectes.xtec.cat\/educacioinclusiva\/wp-content\/uploads\/usu2065\/2023\/08\/botons-3-200x300.jpg\" alt=\"botons\" width=\"200\" height=\"300\" srcset=\"https:\/\/projectes.xtec.cat\/educacioinclusiva\/wp-content\/uploads\/usu2065\/2023\/08\/botons-3-200x300.jpg 200w, https:\/\/projectes.xtec.cat\/educacioinclusiva\/wp-content\/uploads\/usu2065\/2023\/08\/botons-3.jpg 560w\" sizes=\"auto, (max-width: 200px) 100vw, 200px\" \/><\/a>Ja estan a la vostra disposici\u00f3 els <a href=\"https:\/\/projectes.xtec.cat\/nou-curriculum\/general\/novetat-nou-model-per-a-lelaboracio-del-pla-de-suport-individualitzat\/\" target=\"_blank\" rel=\"noopener\">nous models de document per als plans de suport individualitzats<\/a> (PI) adaptats al nou curr\u00edculum.<\/p>\n<p>El pla de suport individualitzat \u00e9s el document que recull les valoracions i la presa de decisions dels equips docents, amb la participaci\u00f3 de la fam\u00edlia i de l\u2019alumne o alumna, sobre la planificaci\u00f3 de mesures, actuacions i suports per donar resposta a situacions singulars de determinats alumnes en tots els contextos en qu\u00e8 es desenvolupa el projecte educatiu. Per elaborar el pla de suport individualitzat cal partir sempre de la programaci\u00f3 did\u00e0ctica.<\/p>\n<p>Trobareu m\u00e9s informaci\u00f3 i els models a la web <a href=\"https:\/\/projectes.xtec.cat\/nou-curriculum\/general\/novetat-nou-model-per-a-lelaboracio-del-pla-de-suport-individualitzat\/\" target=\"_blank\" rel=\"noopener\">El nou curr\u00edculum, una oportunitat per aprendre amb sentit.<\/a><\/p>\n","protected":false},"excerpt":{"rendered":"<p><a href=\"https:\/\/projectes.xtec.cat\/educacioinclusiva\/?attachment_id=10018\" rel=\"attachment wp-att-10018\"><\/a>Ja estan a la vostra disposici\u00f3 els <a href=\"https:\/\/projectes.xtec.cat\/nou-curriculum\/general\/novetat-nou-model-per-a-lelaboracio-del-pla-de-suport-individualitzat\/\" target=\"_blank\" rel=\"noopener\">nous models de document per als plans de suport individualitzats<\/a> (PI) adaptats al nou curr\u00edculum.<br \/>\nEl pla de suport individualitzat \u00e9s el document que recull les valoracions i la presa de decisions dels&hellip;  <a href=\"https:\/\/projectes.xtec.cat\/educacioinclusiva\/general\/nou-model-per-a-lelaboracio-del-pla-de-suport-individualitzat\/\" title=\"Read Nou model per a l&#8217;elaboraci\u00f3 del pla de suport individualitzat\">Llegeix m\u00e9s\u00bb<\/a><\/p>\n","protected":false},"author":4,"featured_media":10018,"comment_status":"closed","ping_status":"closed","sticky":false,"template":"","format":"standard","meta":{"_bbp_topic_count":0,"_bbp_reply_count":0,"_bbp_total_topic_count":0,"_bbp_total_reply_count":0,"_bbp_voice_count":0,"_bbp_anonymous_reply_count":0,"_bbp_topic_count_hidden":0,"_bbp_reply_count_hidden":0,"_bbp_forum_subforum_count":0,"footnotes":""},"categories":[1,29],"tags":[],"class_list":["post-10016","post","type-post","status-publish","format-standard","has-post-thumbnail","hentry","category-general","category-portada"],"post_mailing_queue_ids":[],"_links":{"self":[{"href":"https:\/\/projectes.xtec.cat\/educacioinclusiva\/wp-json\/wp\/v2\/posts\/10016","targetHints":{"allow":["GET"]}}],"collection":[{"href":"https:\/\/projectes.xtec.cat\/educacioinclusiva\/wp-json\/wp\/v2\/posts"}],"about":[{"href":"https:\/\/projectes.xtec.cat\/educacioinclusiva\/wp-json\/wp\/v2\/types\/post"}],"author":[{"embeddable":true,"href":"https:\/\/projectes.xtec.cat\/educacioinclusiva\/wp-json\/wp\/v2\/users\/4"}],"replies":[{"embeddable":true,"href":"https:\/\/projectes.xtec.cat\/educacioinclusiva\/wp-json\/wp\/v2\/comments?post=10016"}],"version-history":[{"count":2,"href":"https:\/\/projectes.xtec.cat\/educacioinclusiva\/wp-json\/wp\/v2\/posts\/10016\/revisions"}],"predecessor-version":[{"id":10019,"href":"https:\/\/projectes.xtec.cat\/educacioinclusiva\/wp-json\/wp\/v2\/posts\/10016\/revisions\/10019"}],"wp:featuredmedia":[{"embeddable":true,"href":"https:\/\/projectes.xtec.cat\/educacioinclusiva\/wp-json\/wp\/v2\/media\/10018"}],"wp:attachment":[{"href":"https:\/\/projectes.xtec.cat\/educacioinclusiva\/wp-json\/wp\/v2\/media?parent=10016"}],"wp:term":[{"taxonomy":"category","embeddable":true,"href":"https:\/\/projectes.xtec.cat\/educacioinclusiva\/wp-json\/wp\/v2\/categories?post=10016"},{"taxonomy":"post_tag","embeddable":true,"href":"https:\/\/projectes.xtec.cat\/educacioinclusiva\/wp-json\/wp\/v2\/tags?post=10016"}],"curies":[{"name":"wp","href":"https:\/\/api.w.org\/{rel}","templated":true}]}}