{"id":10029,"date":"2023-09-08T10:12:05","date_gmt":"2023-09-08T08:12:05","guid":{"rendered":"https:\/\/projectes.xtec.cat\/educacioinclusiva\/?p=10029"},"modified":"2023-09-08T11:09:14","modified_gmt":"2023-09-08T09:09:14","slug":"novetat-formativa-el-trastorn-de-lespectre-de-lautisme-en-el-marc-de-lescola-inclusiva","status":"publish","type":"post","link":"https:\/\/projectes.xtec.cat\/educacioinclusiva\/general\/novetat-formativa-el-trastorn-de-lespectre-de-lautisme-en-el-marc-de-lescola-inclusiva\/","title":{"rendered":"NOVETAT FORMATIVA!\u00a0El trastorn de l\u2019espectre de l\u2019autisme en el marc de l\u2019escola inclusiva\u00a0"},"content":{"rendered":"<p><span data-contrast=\"auto\"><br \/>\n<a href=\"https:\/\/projectes.xtec.cat\/educacioinclusiva\/general\/novetat-formativa-el-trastorn-de-lespectre-de-lautisme-en-el-marc-de-lescola-inclusiva\/attachment\/formacio-tea-500-x-333-px\/\" rel=\"attachment wp-att-10033\"><img loading=\"lazy\" decoding=\"async\" class=\"aligncenter wp-image-10033 size-full\" src=\"https:\/\/projectes.xtec.cat\/educacioinclusiva\/wp-content\/uploads\/usu2065\/2023\/09\/Formacio-TEA-500-\u00d7-333-px.jpg\" alt=\"Formaci\u00f3 El trastorn de l'espectre de l'autisme en el marc del sistema educatiu inclusiu\" width=\"500\" height=\"333\" srcset=\"https:\/\/projectes.xtec.cat\/educacioinclusiva\/wp-content\/uploads\/usu2065\/2023\/09\/Formacio-TEA-500-\u00d7-333-px.jpg 500w, https:\/\/projectes.xtec.cat\/educacioinclusiva\/wp-content\/uploads\/usu2065\/2023\/09\/Formacio-TEA-500-\u00d7-333-px-300x200.jpg 300w\" sizes=\"auto, (max-width: 500px) 100vw, 500px\" \/><\/a><\/span><\/p>\n<p><span data-contrast=\"auto\">Aquest primer torn formatiu del curs 2023-2024 s&#8217;ofereix, pel personal docent, una activitat formativa telem\u00e0tica amb l\u2019objectiu de contextualitzar l\u2019autisme dins el marc de l\u2019escola inclusiva, identificar els signes d\u2019alerta, dotar d\u2019estrat\u00e8gies i de mesures i suports per donar una resposta educativa inclusiva. <\/span><span data-ccp-props=\"{&quot;201341983&quot;:0,&quot;335559740&quot;:276}\">\u00a0Aquesta formaci\u00f3 ser\u00e0 impartida per professionals del CRETDIC.<\/span><\/p>\n<ul>\n<li><span data-contrast=\"auto\">T\u00edtol:<\/span><b><span data-contrast=\"auto\"> El trastorn de l\u2019espectre de l\u2019autisme en el marc de l\u2019escola<\/span><\/b><span data-ccp-props=\"{&quot;201341983&quot;:0,&quot;335559740&quot;:276}\">\u00a0<\/span><\/li>\n<li><span data-contrast=\"auto\">Codi: <\/span><b><span data-contrast=\"auto\">9006000512<\/span><\/b><span data-ccp-props=\"{&quot;201341983&quot;:0,&quot;335559740&quot;:276}\">\u00a0<\/span><\/li>\n<li><span data-contrast=\"auto\">Per\u00edode formatiu:<\/span><b><span data-contrast=\"auto\"> Del 16\/09\/23 al 07\/01\/24<\/span><\/b><span data-ccp-props=\"{&quot;201341983&quot;:0,&quot;335559740&quot;:276}\">\u00a0<\/span><\/li>\n<\/ul>\n<p><b><span data-contrast=\"auto\">Inscripcions: Del 08\/09\/23 al 24\/09\/23<\/span><\/b><span data-ccp-props=\"{&quot;201341983&quot;:0,&quot;335559740&quot;:276}\">\u00a0<\/span><\/p>\n<p><span data-contrast=\"auto\">Per a m\u00e9s informaci\u00f3 i formalitzar la inscripci\u00f3 entreu al cercador d\u2019activitats i introdu\u00efu el codi: 9006000512 al calaix corresponent a trav\u00e9s <a href=\"https:\/\/xtec.gencat.cat\/ca\/formacio\/info-general\/cercador-activitats\/\" target=\"_blank\" rel=\"noopener\">d&#8217;aquest l\u2019enlla\u00e7<\/a>.\u00a0<\/span><\/p>\n","protected":false},"excerpt":{"rendered":"<p><a href=\"https:\/\/projectes.xtec.cat\/educacioinclusiva\/general\/novetat-formativa-el-trastorn-de-lespectre-de-lautisme-en-el-marc-de-lescola-inclusiva\/attachment\/formacio-tea-500-x-333-px\/\" rel=\"attachment wp-att-10033\"><\/a><br \/>\nAquest primer torn formatiu del curs 2023-2024 s&#8217;ofereix, pel personal docent, una activitat formativa telem\u00e0tica amb l\u2019objectiu de contextualitzar l\u2019autisme dins el marc de l\u2019escola inclusiva, identificar els signes d\u2019alerta, dotar d\u2019estrat\u00e8gies i de mesures i suports per donar una resposta educativa&hellip;  <a href=\"https:\/\/projectes.xtec.cat\/educacioinclusiva\/general\/novetat-formativa-el-trastorn-de-lespectre-de-lautisme-en-el-marc-de-lescola-inclusiva\/\" title=\"Read NOVETAT FORMATIVA!\u00a0El trastorn de l\u2019espectre de l\u2019autisme en el marc de l\u2019escola inclusiva\u00a0\">Llegeix m\u00e9s\u00bb<\/a><\/p>\n","protected":false},"author":4,"featured_media":10033,"comment_status":"closed","ping_status":"closed","sticky":false,"template":"","format":"standard","meta":{"_bbp_topic_count":0,"_bbp_reply_count":0,"_bbp_total_topic_count":0,"_bbp_total_reply_count":0,"_bbp_voice_count":0,"_bbp_anonymous_reply_count":0,"_bbp_topic_count_hidden":0,"_bbp_reply_count_hidden":0,"_bbp_forum_subforum_count":0,"footnotes":""},"categories":[154,1,29],"tags":[],"class_list":["post-10029","post","type-post","status-publish","format-standard","has-post-thumbnail","hentry","category-formacio","category-general","category-portada"],"post_mailing_queue_ids":[],"_links":{"self":[{"href":"https:\/\/projectes.xtec.cat\/educacioinclusiva\/wp-json\/wp\/v2\/posts\/10029","targetHints":{"allow":["GET"]}}],"collection":[{"href":"https:\/\/projectes.xtec.cat\/educacioinclusiva\/wp-json\/wp\/v2\/posts"}],"about":[{"href":"https:\/\/projectes.xtec.cat\/educacioinclusiva\/wp-json\/wp\/v2\/types\/post"}],"author":[{"embeddable":true,"href":"https:\/\/projectes.xtec.cat\/educacioinclusiva\/wp-json\/wp\/v2\/users\/4"}],"replies":[{"embeddable":true,"href":"https:\/\/projectes.xtec.cat\/educacioinclusiva\/wp-json\/wp\/v2\/comments?post=10029"}],"version-history":[{"count":3,"href":"https:\/\/projectes.xtec.cat\/educacioinclusiva\/wp-json\/wp\/v2\/posts\/10029\/revisions"}],"predecessor-version":[{"id":10040,"href":"https:\/\/projectes.xtec.cat\/educacioinclusiva\/wp-json\/wp\/v2\/posts\/10029\/revisions\/10040"}],"wp:featuredmedia":[{"embeddable":true,"href":"https:\/\/projectes.xtec.cat\/educacioinclusiva\/wp-json\/wp\/v2\/media\/10033"}],"wp:attachment":[{"href":"https:\/\/projectes.xtec.cat\/educacioinclusiva\/wp-json\/wp\/v2\/media?parent=10029"}],"wp:term":[{"taxonomy":"category","embeddable":true,"href":"https:\/\/projectes.xtec.cat\/educacioinclusiva\/wp-json\/wp\/v2\/categories?post=10029"},{"taxonomy":"post_tag","embeddable":true,"href":"https:\/\/projectes.xtec.cat\/educacioinclusiva\/wp-json\/wp\/v2\/tags?post=10029"}],"curies":[{"name":"wp","href":"https:\/\/api.w.org\/{rel}","templated":true}]}}