{"id":10086,"date":"2023-12-04T13:04:01","date_gmt":"2023-12-04T12:04:01","guid":{"rendered":"https:\/\/projectes.xtec.cat\/educacioinclusiva\/?p=10086"},"modified":"2023-12-04T13:10:28","modified_gmt":"2023-12-04T12:10:28","slug":"mobilitat-a-la-zona-de-lecco-italia-cete-mcei","status":"publish","type":"post","link":"https:\/\/projectes.xtec.cat\/educacioinclusiva\/general\/mobilitat-a-la-zona-de-lecco-italia-cete-mcei\/","title":{"rendered":"Mobilitat a la zona de Lecco, It\u00e0lia CETE+ MCEI"},"content":{"rendered":"<p><a href=\"https:\/\/projectes.xtec.cat\/educacioinclusiva\/general\/mobilitat-a-la-zona-de-lecco-italia-cete-mcei\/attachment\/logo-ufficio-scolastico\/\" rel=\"attachment wp-att-10087\"><img loading=\"lazy\" decoding=\"async\" class=\"alignright wp-image-10087 size-medium\" src=\"https:\/\/projectes.xtec.cat\/educacioinclusiva\/wp-content\/uploads\/usu2065\/2023\/12\/Logo-ufficio-scolastico-300x228.png\" alt=\"Ufficio scolastico di la Lombardia\" width=\"300\" height=\"228\" srcset=\"https:\/\/projectes.xtec.cat\/educacioinclusiva\/wp-content\/uploads\/usu2065\/2023\/12\/Logo-ufficio-scolastico-300x228.png 300w, https:\/\/projectes.xtec.cat\/educacioinclusiva\/wp-content\/uploads\/usu2065\/2023\/12\/Logo-ufficio-scolastico.png 505w\" sizes=\"auto, (max-width: 300px) 100vw, 300px\" \/><\/a><\/p>\n<p>Comencem les segones mobilitats del projecte 22 del <strong>Microconsorci d\u2019educaci\u00f3 inclusiva<\/strong> (MCEI) del CETE+, la setmana del 27 de novembre a l&#8217;1 de desembre de 2023.<\/p>\n<p>Sis professionals del MCEI, dues\u00a0 t\u00e8cniques de la Direcci\u00f3 general d\u2019educaci\u00f3 inclusiva i quatre professionals docents, han viatjat a la zona de Lecco, It\u00e0lia per a participar, durant 5 dies, de la mobilitat en modalitat d\u2019observaci\u00f3 a l\u2019aula, \u201cjob shadowing\u201d, en centres acollidors en un pa\u00eds amb un sistema educatiu inclusiu de refer\u00e8ncia, en el marc del projecte CETE+. Aquestes mobilitats tenen l\u2019objectiu de con\u00e8ixer altres realitats educatives inclusives per seguir millorant la inclusi\u00f3 en els nostres centres educatius.<\/p>\n<p>Els professionals docents han estat seleccionats a partir d\u2019una Comissi\u00f3 de selecci\u00f3 dels centres educatius participants del programa, centres que ja van realitzar la primera mobilitat el maig del 2022.<\/p>\n<p>Aquestes mobilitats s\u00f3n una gran experi\u00e8ncia pels professionals per avan\u00e7ar en la planificaci\u00f3 i implementaci\u00f3 de pr\u00e0ctiques educatives inclusives en els seus centres a trav\u00e9s de l\u2019observaci\u00f3 i participaci\u00f3 activa en els centres acollidors. Es fa pal\u00e8s tamb\u00e9 la riquesa de poder compartir i intercanviar experi\u00e8ncies entre els participants d\u2019origen de la mobilitat i els d\u2019acollida, possibilitant la continu\u00eftat d\u2019aquest intercanvi.<\/p>\n<p>Els centres participants s\u00f3n:<\/p>\n<ul>\n<li><strong>L\u2019Escola Lacust\u00e0ria de Llagostera<\/strong>, Girona amb dues professionals que han estat cadascuna en dos centres de prim\u00e0ria de la localitat de Cernusco Lombardone, Lecco.<\/li>\n<li><strong>L\u2019INS Francesc Ribalta de Solsona<\/strong> amb dues professionals que han estat a un Institut professional de la localitat de Casatenovo, Lecco.<\/li>\n<\/ul>\n<p>Les dues t\u00e8cniques del servei de suports i mesures per a la inclusi\u00f3 de la Direcci\u00f3 general d\u2019educaci\u00f3 inclusiva han visitat diferents centres de la ciutat de Lecco i rodalies acompanyades del referent d\u2019inclusi\u00f3 de la zona per con\u00e8ixer la seva realitat, la gesti\u00f3, els recursos pel que fa a la inclusi\u00f3.<\/p>\n<p><strong>#CETE+, #ERASMUS+, #Educacioinclusiva, #MCEducacioinclusiva<\/strong><\/p>\n","protected":false},"excerpt":{"rendered":"<p><a href=\"https:\/\/projectes.xtec.cat\/educacioinclusiva\/general\/mobilitat-a-la-zona-de-lecco-italia-cete-mcei\/attachment\/logo-ufficio-scolastico\/\" rel=\"attachment wp-att-10087\"><\/a><br \/>\nComencem les segones mobilitats del projecte 22 del Microconsorci d\u2019educaci\u00f3 inclusiva (MCEI) del CETE+, la setmana del 27 de novembre a l&#8217;1 de desembre de 2023.<br \/>\nSis professionals del MCEI, dues\u00a0 t\u00e8cniques de la Direcci\u00f3 general d\u2019educaci\u00f3 inclusiva i quatre professionals docents, han&hellip;  <a href=\"https:\/\/projectes.xtec.cat\/educacioinclusiva\/general\/mobilitat-a-la-zona-de-lecco-italia-cete-mcei\/\" title=\"Read Mobilitat a la zona de Lecco, It\u00e0lia CETE+ MCEI\">Llegeix m\u00e9s\u00bb<\/a><\/p>\n","protected":false},"author":4,"featured_media":10087,"comment_status":"closed","ping_status":"closed","sticky":false,"template":"","format":"standard","meta":{"_bbp_topic_count":0,"_bbp_reply_count":0,"_bbp_total_topic_count":0,"_bbp_total_reply_count":0,"_bbp_voice_count":0,"_bbp_anonymous_reply_count":0,"_bbp_topic_count_hidden":0,"_bbp_reply_count_hidden":0,"_bbp_forum_subforum_count":0,"footnotes":""},"categories":[385,1,29],"tags":[370,372,369,374],"class_list":["post-10086","post","type-post","status-publish","format-standard","has-post-thumbnail","hentry","category-erasmus","category-general","category-portada","tag-cete","tag-educacioinclusiva","tag-erasmus","tag-mcei"],"post_mailing_queue_ids":[],"_links":{"self":[{"href":"https:\/\/projectes.xtec.cat\/educacioinclusiva\/wp-json\/wp\/v2\/posts\/10086","targetHints":{"allow":["GET"]}}],"collection":[{"href":"https:\/\/projectes.xtec.cat\/educacioinclusiva\/wp-json\/wp\/v2\/posts"}],"about":[{"href":"https:\/\/projectes.xtec.cat\/educacioinclusiva\/wp-json\/wp\/v2\/types\/post"}],"author":[{"embeddable":true,"href":"https:\/\/projectes.xtec.cat\/educacioinclusiva\/wp-json\/wp\/v2\/users\/4"}],"replies":[{"embeddable":true,"href":"https:\/\/projectes.xtec.cat\/educacioinclusiva\/wp-json\/wp\/v2\/comments?post=10086"}],"version-history":[{"count":5,"href":"https:\/\/projectes.xtec.cat\/educacioinclusiva\/wp-json\/wp\/v2\/posts\/10086\/revisions"}],"predecessor-version":[{"id":10092,"href":"https:\/\/projectes.xtec.cat\/educacioinclusiva\/wp-json\/wp\/v2\/posts\/10086\/revisions\/10092"}],"wp:featuredmedia":[{"embeddable":true,"href":"https:\/\/projectes.xtec.cat\/educacioinclusiva\/wp-json\/wp\/v2\/media\/10087"}],"wp:attachment":[{"href":"https:\/\/projectes.xtec.cat\/educacioinclusiva\/wp-json\/wp\/v2\/media?parent=10086"}],"wp:term":[{"taxonomy":"category","embeddable":true,"href":"https:\/\/projectes.xtec.cat\/educacioinclusiva\/wp-json\/wp\/v2\/categories?post=10086"},{"taxonomy":"post_tag","embeddable":true,"href":"https:\/\/projectes.xtec.cat\/educacioinclusiva\/wp-json\/wp\/v2\/tags?post=10086"}],"curies":[{"name":"wp","href":"https:\/\/api.w.org\/{rel}","templated":true}]}}