{"id":10198,"date":"2024-03-13T09:33:14","date_gmt":"2024-03-13T08:33:14","guid":{"rendered":"https:\/\/projectes.xtec.cat\/educacioinclusiva\/?p=10198"},"modified":"2024-03-13T09:33:14","modified_gmt":"2024-03-13T08:33:14","slug":"arrenca-el-salo-de-lensenyament-aquest-any-amb-menys-barreres-a-laccessibilitat-i-a-la-participacio","status":"publish","type":"post","link":"https:\/\/projectes.xtec.cat\/educacioinclusiva\/general\/arrenca-el-salo-de-lensenyament-aquest-any-amb-menys-barreres-a-laccessibilitat-i-a-la-participacio\/","title":{"rendered":"Arrenca el Sal\u00f3 de l&#8217;Ensenyament, aquest any amb menys barreres a l&#8217;accessibilitat i a la participaci\u00f3"},"content":{"rendered":"<p><a href=\"https:\/\/projectes.xtec.cat\/educacioinclusiva\/general\/arrenca-el-salo-de-lensenyament-aquest-any-amb-menys-barreres-a-laccessibilitat-i-a-la-participacio\/attachment\/img_20240313_085424047_hdr\/\" rel=\"attachment wp-att-10199\"><img loading=\"lazy\" decoding=\"async\" class=\"aligncenter size-full wp-image-10199\" src=\"https:\/\/projectes.xtec.cat\/educacioinclusiva\/wp-content\/uploads\/usu2065\/2024\/03\/IMG_20240313_085424047_HDR-scaled.jpg\" alt=\"Sal\u00f3 de l'ensenyament, estant d'inclusi\u00f3\" width=\"2560\" height=\"1440\" srcset=\"https:\/\/projectes.xtec.cat\/educacioinclusiva\/wp-content\/uploads\/usu2065\/2024\/03\/IMG_20240313_085424047_HDR-scaled.jpg 2560w, https:\/\/projectes.xtec.cat\/educacioinclusiva\/wp-content\/uploads\/usu2065\/2024\/03\/IMG_20240313_085424047_HDR-300x169.jpg 300w, https:\/\/projectes.xtec.cat\/educacioinclusiva\/wp-content\/uploads\/usu2065\/2024\/03\/IMG_20240313_085424047_HDR-1024x576.jpg 1024w, https:\/\/projectes.xtec.cat\/educacioinclusiva\/wp-content\/uploads\/usu2065\/2024\/03\/IMG_20240313_085424047_HDR-768x432.jpg 768w, https:\/\/projectes.xtec.cat\/educacioinclusiva\/wp-content\/uploads\/usu2065\/2024\/03\/IMG_20240313_085424047_HDR-1536x864.jpg 1536w, https:\/\/projectes.xtec.cat\/educacioinclusiva\/wp-content\/uploads\/usu2065\/2024\/03\/IMG_20240313_085424047_HDR-2048x1152.jpg 2048w\" sizes=\"auto, (max-width: 2560px) 100vw, 2560px\" \/><\/a><\/p>\n<p>Avui, <strong>dimecres 13 de mar\u00e7 de 17 a 19h<\/strong> el Sal\u00f3 de l&#8217;Ensenyament instaura\u00a0una <strong>franja sensorialment redu\u00efda<\/strong>\u00a0que consistir\u00e0 en un aforament controlat, un volum auditiu disminu\u00eft i una menor intensitat lum\u00ednica. Tots els expositors del Sal\u00f3 estaran informats d&#8217;aquesta franja per tal que puguin adequar les caracter\u00edstiques de l&#8217;espai i tamb\u00e9 el tipus d&#8217;atenci\u00f3. A m\u00e9s, s&#8217;informar\u00e0 als visitants del sal\u00f3 de l&#8217;especificitat d&#8217;aquesta franja per tal que es respecti aquesta menor intensitat sensorial i puguin contribuir, per exemple, adequant el to de veu. Les persones que necessitin un <strong>acc\u00e9s prioritari<\/strong> podran disposar d&#8217;una targeta acreditativa d&#8217;aquesta necessitat que els facilitar\u00e0 rebre una atenci\u00f3 personalitzada en els diversos estands. En cas de necessitar un <strong>espai de la calma<\/strong>, els visitants podran adre\u00e7ar-se als <strong>espais d&#8217;orientaci\u00f3 de la Fira o a l&#8217;estand del Departament d\u2019Educaci\u00f3, a l\u2019\u00e0rea d&#8217;Educaci\u00f3 Inclusiva<\/strong> per tal de poder buscar la millor opci\u00f3 en cada cas.<\/p>\n<p>A m\u00e9s a m\u00e9s, hi ha disponibilitat dels <strong>mapes del sal\u00f3 en relleu i braille<\/strong>, ubicats al punt d&#8217;informaci\u00f3 de l&#8217;entrada de la pla\u00e7a Univers i monitors de l&#8217;estand del Departament d&#8217;Educaci\u00f3 coneixedors de la <strong>llengua de signes<\/strong><\/p>\n<div class=\"yj6qo\"><\/div>\n<div class=\"adL\" dir=\"auto\"><\/div>\n","protected":false},"excerpt":{"rendered":"<p><a href=\"https:\/\/projectes.xtec.cat\/educacioinclusiva\/general\/arrenca-el-salo-de-lensenyament-aquest-any-amb-menys-barreres-a-laccessibilitat-i-a-la-participacio\/attachment\/img_20240313_085424047_hdr\/\" rel=\"attachment wp-att-10199\"><\/a><br \/>\nAvui, dimecres 13 de mar\u00e7 de 17 a 19h el Sal\u00f3 de l&#8217;Ensenyament instaura\u00a0una franja sensorialment redu\u00efda\u00a0que consistir\u00e0 en un aforament controlat, un volum auditiu disminu\u00eft i una menor intensitat lum\u00ednica. Tots els expositors del Sal\u00f3 estaran informats d&#8217;aquesta franja per tal&hellip;  <a href=\"https:\/\/projectes.xtec.cat\/educacioinclusiva\/general\/arrenca-el-salo-de-lensenyament-aquest-any-amb-menys-barreres-a-laccessibilitat-i-a-la-participacio\/\" title=\"Read Arrenca el Sal\u00f3 de l&#8217;Ensenyament, aquest any amb menys barreres a l&#8217;accessibilitat i a la participaci\u00f3\">Llegeix m\u00e9s\u00bb<\/a><\/p>\n","protected":false},"author":4,"featured_media":10199,"comment_status":"closed","ping_status":"closed","sticky":false,"template":"","format":"standard","meta":{"_bbp_topic_count":0,"_bbp_reply_count":0,"_bbp_total_topic_count":0,"_bbp_total_reply_count":0,"_bbp_voice_count":0,"_bbp_anonymous_reply_count":0,"_bbp_topic_count_hidden":0,"_bbp_reply_count_hidden":0,"_bbp_forum_subforum_count":0,"footnotes":""},"categories":[1,29],"tags":[],"class_list":["post-10198","post","type-post","status-publish","format-standard","has-post-thumbnail","hentry","category-general","category-portada"],"post_mailing_queue_ids":[],"_links":{"self":[{"href":"https:\/\/projectes.xtec.cat\/educacioinclusiva\/wp-json\/wp\/v2\/posts\/10198","targetHints":{"allow":["GET"]}}],"collection":[{"href":"https:\/\/projectes.xtec.cat\/educacioinclusiva\/wp-json\/wp\/v2\/posts"}],"about":[{"href":"https:\/\/projectes.xtec.cat\/educacioinclusiva\/wp-json\/wp\/v2\/types\/post"}],"author":[{"embeddable":true,"href":"https:\/\/projectes.xtec.cat\/educacioinclusiva\/wp-json\/wp\/v2\/users\/4"}],"replies":[{"embeddable":true,"href":"https:\/\/projectes.xtec.cat\/educacioinclusiva\/wp-json\/wp\/v2\/comments?post=10198"}],"version-history":[{"count":3,"href":"https:\/\/projectes.xtec.cat\/educacioinclusiva\/wp-json\/wp\/v2\/posts\/10198\/revisions"}],"predecessor-version":[{"id":10202,"href":"https:\/\/projectes.xtec.cat\/educacioinclusiva\/wp-json\/wp\/v2\/posts\/10198\/revisions\/10202"}],"wp:featuredmedia":[{"embeddable":true,"href":"https:\/\/projectes.xtec.cat\/educacioinclusiva\/wp-json\/wp\/v2\/media\/10199"}],"wp:attachment":[{"href":"https:\/\/projectes.xtec.cat\/educacioinclusiva\/wp-json\/wp\/v2\/media?parent=10198"}],"wp:term":[{"taxonomy":"category","embeddable":true,"href":"https:\/\/projectes.xtec.cat\/educacioinclusiva\/wp-json\/wp\/v2\/categories?post=10198"},{"taxonomy":"post_tag","embeddable":true,"href":"https:\/\/projectes.xtec.cat\/educacioinclusiva\/wp-json\/wp\/v2\/tags?post=10198"}],"curies":[{"name":"wp","href":"https:\/\/api.w.org\/{rel}","templated":true}]}}