{"id":10220,"date":"2024-04-05T12:14:41","date_gmt":"2024-04-05T10:14:41","guid":{"rendered":"https:\/\/projectes.xtec.cat\/educacioinclusiva\/?p=10220"},"modified":"2024-04-05T12:14:41","modified_gmt":"2024-04-05T10:14:41","slug":"tret-de-sortida-al-projecte-centres-en-dansa-per-la-inclusio","status":"publish","type":"post","link":"https:\/\/projectes.xtec.cat\/educacioinclusiva\/portada\/tret-de-sortida-al-projecte-centres-en-dansa-per-la-inclusio\/","title":{"rendered":"Tret de sortida al projecte Centres en Dansa per la Inclusi\u00f3"},"content":{"rendered":"<p><a href=\"https:\/\/projectes.xtec.cat\/educacioinclusiva\/portada\/tret-de-sortida-al-projecte-centres-en-dansa-per-la-inclusio\/attachment\/img_2087\/\" rel=\"attachment wp-att-10221\"><img loading=\"lazy\" decoding=\"async\" class=\"wp-image-10221 size-medium alignright\" src=\"https:\/\/projectes.xtec.cat\/educacioinclusiva\/wp-content\/uploads\/usu2065\/2024\/04\/IMG_2087-300x225.jpg\" alt=\"Taula amb documents de docents programant\" width=\"300\" height=\"225\" srcset=\"https:\/\/projectes.xtec.cat\/educacioinclusiva\/wp-content\/uploads\/usu2065\/2024\/04\/IMG_2087-300x225.jpg 300w, https:\/\/projectes.xtec.cat\/educacioinclusiva\/wp-content\/uploads\/usu2065\/2024\/04\/IMG_2087-1024x768.jpg 1024w, https:\/\/projectes.xtec.cat\/educacioinclusiva\/wp-content\/uploads\/usu2065\/2024\/04\/IMG_2087-768x576.jpg 768w, https:\/\/projectes.xtec.cat\/educacioinclusiva\/wp-content\/uploads\/usu2065\/2024\/04\/IMG_2087-1536x1152.jpg 1536w, https:\/\/projectes.xtec.cat\/educacioinclusiva\/wp-content\/uploads\/usu2065\/2024\/04\/IMG_2087-200x150.jpg 200w, https:\/\/projectes.xtec.cat\/educacioinclusiva\/wp-content\/uploads\/usu2065\/2024\/04\/IMG_2087.jpg 2048w\" sizes=\"auto, (max-width: 300px) 100vw, 300px\" \/><\/a><\/p>\n<p><span style=\"font-weight: 400;\">Amb, aproximadament, 100 centres educatius d&#8217;Educaci\u00f3 Prim\u00e0ria i Educaci\u00f3 Secund\u00e0ria Obligat\u00f2ria d&#8217;arreu del territori, arrenca el projecte Centres en Dansa per la Inclusi\u00f3. En aquesta primera fase de treball, les DEI, dinamitzadores d&#8217;educaci\u00f3 inclusiva, han iniciat un primer contacte d&#8217;assessorament i diagnosi de necessitats, s&#8217;han presentat els materials de treball de l&#8217;experi\u00e8ncia: la <strong>guia de recursos per a l&#8217;acompanyament i les orientacions generals sobre com fer el centre m\u00e9s inclusiu<\/strong>. D&#8217;altra banda, aquest primer contacte, tamb\u00e9 ha servit per posar en com\u00fa les prioritats i els objectius de treball, aix\u00ed com per establir un full de ruta a l&#8217;hora de treballar les activitats.<\/span><\/p>\n<p><span style=\"font-weight: 400;\">Aquest projecte s&#8217;adre\u00e7a als centres que volen fer de la inclusi\u00f3 un tema prioritari i t\u00e9 com a finalitat transformar-los en entorns inclusius i inclusors des d&#8217;una perspectiva \u00e0mplia. La guia de recursos per a l&#8217;acompanyament s&#8217;ha elaborat amb la coordinaci\u00f3 t\u00e8cnica a c\u00e0rrec de professionals de la Universitat Aut\u00f2noma de Barcelona, la Universitat Rovira i Virgili, i la Universitat de Barcelona i ha estat promogut i finan\u00e7at per la Direcci\u00f3 General d&#8217;Educaci\u00f3 Inclusiva del Departament d&#8217;Educaci\u00f3 de la Generalitat de Catalunya. \u00c9s rellevant destacar s&#8217;ha tradu\u00eft a l&#8217;aran\u00e8s, buscant garantir la seva accessibilitat i utilitat per a la totalitat del territori.<\/span><\/p>\n<p><span style=\"font-weight: 400;\">El projecte neix en el marc de la Taula de Participaci\u00f3 per un Sistema Educatiu Inclusiu (TaPSEI), un \u00f2rgan que permet intensificar la col\u00b7laboraci\u00f3 entre administracions i teixit social per a la millora de la inclusi\u00f3 educativa i social. Durant el primer cicle de debats de la TaPSEI (desembre de 2022 &#8211; febrer de 2023), va quedar palesa la necessitat d&#8217;ampliar el proc\u00e9s de transformaci\u00f3 inclusiva al principal protagonista del sistema educatiu, l&#8217;alumnat, i introduir din\u00e0miques d&#8217;acci\u00f3 que afavoreixin el pas de la reflexi\u00f3 a la transformaci\u00f3.<\/span><\/p>\n<p><span style=\"font-weight: 400;\">Les experi\u00e8ncies que vagin sorgint de les escoles, instituts i instituts escola, es posaran en com\u00fa a trav\u00e9s d&#8217;aquest mateix blog a partir del recurs Sinapsi, el qual recull les not\u00edcies que publiquen els centres educatius catalans a les seves p\u00e0gines web. Sinapsi busca fer visible la major part del treball desenvolupat pels centres i promoure sinergies entre ells.<\/span><\/p>\n<p><span style=\"font-weight: 400;\">El treball dut a terme als centres es presentar\u00e0 aquest mes de juliol en un plenari de la TaPSEI, en el qual es donaran a con\u00e8ixer algunes de les propostes impulsades en els centres participants.<\/span><\/p>\n","protected":false},"excerpt":{"rendered":"<p><a href=\"https:\/\/projectes.xtec.cat\/educacioinclusiva\/portada\/tret-de-sortida-al-projecte-centres-en-dansa-per-la-inclusio\/attachment\/img_2087\/\" rel=\"attachment wp-att-10221\"><\/a><br \/>\nAmb, aproximadament, 100 centres educatius d&#8217;Educaci\u00f3 Prim\u00e0ria i Educaci\u00f3 Secund\u00e0ria Obligat\u00f2ria d&#8217;arreu del territori, arrenca el projecte Centres en Dansa per la Inclusi\u00f3. En aquesta primera fase de treball, les DEI, dinamitzadores d&#8217;educaci\u00f3 inclusiva, han iniciat un primer contacte d&#8217;assessorament i diagnosi&hellip;  <a href=\"https:\/\/projectes.xtec.cat\/educacioinclusiva\/portada\/tret-de-sortida-al-projecte-centres-en-dansa-per-la-inclusio\/\" title=\"Read Tret de sortida al projecte Centres en Dansa per la Inclusi\u00f3\">Llegeix m\u00e9s\u00bb<\/a><\/p>\n","protected":false},"author":4,"featured_media":10221,"comment_status":"closed","ping_status":"closed","sticky":false,"template":"","format":"standard","meta":{"_bbp_topic_count":0,"_bbp_reply_count":0,"_bbp_total_topic_count":0,"_bbp_total_reply_count":0,"_bbp_voice_count":0,"_bbp_anonymous_reply_count":0,"_bbp_topic_count_hidden":0,"_bbp_reply_count_hidden":0,"_bbp_forum_subforum_count":0,"footnotes":""},"categories":[393,29],"tags":[],"class_list":["post-10220","post","type-post","status-publish","format-standard","has-post-thumbnail","hentry","category-centres-en-dansa","category-portada"],"post_mailing_queue_ids":[],"_links":{"self":[{"href":"https:\/\/projectes.xtec.cat\/educacioinclusiva\/wp-json\/wp\/v2\/posts\/10220","targetHints":{"allow":["GET"]}}],"collection":[{"href":"https:\/\/projectes.xtec.cat\/educacioinclusiva\/wp-json\/wp\/v2\/posts"}],"about":[{"href":"https:\/\/projectes.xtec.cat\/educacioinclusiva\/wp-json\/wp\/v2\/types\/post"}],"author":[{"embeddable":true,"href":"https:\/\/projectes.xtec.cat\/educacioinclusiva\/wp-json\/wp\/v2\/users\/4"}],"replies":[{"embeddable":true,"href":"https:\/\/projectes.xtec.cat\/educacioinclusiva\/wp-json\/wp\/v2\/comments?post=10220"}],"version-history":[{"count":3,"href":"https:\/\/projectes.xtec.cat\/educacioinclusiva\/wp-json\/wp\/v2\/posts\/10220\/revisions"}],"predecessor-version":[{"id":10224,"href":"https:\/\/projectes.xtec.cat\/educacioinclusiva\/wp-json\/wp\/v2\/posts\/10220\/revisions\/10224"}],"wp:featuredmedia":[{"embeddable":true,"href":"https:\/\/projectes.xtec.cat\/educacioinclusiva\/wp-json\/wp\/v2\/media\/10221"}],"wp:attachment":[{"href":"https:\/\/projectes.xtec.cat\/educacioinclusiva\/wp-json\/wp\/v2\/media?parent=10220"}],"wp:term":[{"taxonomy":"category","embeddable":true,"href":"https:\/\/projectes.xtec.cat\/educacioinclusiva\/wp-json\/wp\/v2\/categories?post=10220"},{"taxonomy":"post_tag","embeddable":true,"href":"https:\/\/projectes.xtec.cat\/educacioinclusiva\/wp-json\/wp\/v2\/tags?post=10220"}],"curies":[{"name":"wp","href":"https:\/\/api.w.org\/{rel}","templated":true}]}}