{"id":10301,"date":"2024-06-10T13:08:03","date_gmt":"2024-06-10T11:08:03","guid":{"rendered":"https:\/\/projectes.xtec.cat\/educacioinclusiva\/?p=10301"},"modified":"2024-06-26T12:39:59","modified_gmt":"2024-06-26T10:39:59","slug":"nova-convocatoria-per-inscriures-al-projecte-centres-en-dansa-per-la-inclusio","status":"publish","type":"post","link":"https:\/\/projectes.xtec.cat\/educacioinclusiva\/general\/nova-convocatoria-per-inscriures-al-projecte-centres-en-dansa-per-la-inclusio\/","title":{"rendered":"Nova convocat\u00f2ria per inscriure\u2019s al projecte Centres en Dansa per la Inclusi\u00f3!"},"content":{"rendered":"<p><a href=\"https:\/\/projectes.xtec.cat\/educacioinclusiva\/general\/nova-convocatoria-per-inscriures-al-projecte-centres-en-dansa-per-la-inclusio\/attachment\/20240419_115222-1-1\/\" rel=\"attachment wp-att-10306\"><img loading=\"lazy\" decoding=\"async\" class=\"alignright size-medium wp-image-10306\" src=\"https:\/\/projectes.xtec.cat\/educacioinclusiva\/wp-content\/uploads\/usu2065\/2024\/06\/20240419_115222-1-1-300x275.jpg\" alt=\"placa de centres en dansa amb 5 alumnes al voltant que la subjecten\" width=\"300\" height=\"275\" srcset=\"https:\/\/projectes.xtec.cat\/educacioinclusiva\/wp-content\/uploads\/usu2065\/2024\/06\/20240419_115222-1-1-300x275.jpg 300w, https:\/\/projectes.xtec.cat\/educacioinclusiva\/wp-content\/uploads\/usu2065\/2024\/06\/20240419_115222-1-1-1024x938.jpg 1024w, https:\/\/projectes.xtec.cat\/educacioinclusiva\/wp-content\/uploads\/usu2065\/2024\/06\/20240419_115222-1-1-768x703.jpg 768w, https:\/\/projectes.xtec.cat\/educacioinclusiva\/wp-content\/uploads\/usu2065\/2024\/06\/20240419_115222-1-1.jpg 1445w\" sizes=\"auto, (max-width: 300px) 100vw, 300px\" \/><\/a><\/p>\n<p><span data-contrast=\"none\">El projecte <\/span><b><span data-contrast=\"none\">Centres en Dansa per la Inclusi\u00f3<\/span><\/b><span data-contrast=\"none\">, iniciativa de la Taula de Participaci\u00f3 per un Sistema Educatiu Inclusiu (TAPSEI), busca transformar els centres educatius mitjan\u00e7ant l&#8217;aplicaci\u00f3 de din\u00e0miques d&#8217;acci\u00f3 que impulsen la transici\u00f3 de la reflexi\u00f3 a la realitzaci\u00f3 efectiva. El projecte s&#8217;adre\u00e7a a tots els centres d&#8217;educaci\u00f3 prim\u00e0ria i secund\u00e0ria, amb l&#8217;objectiu de <\/span><b><span data-contrast=\"none\">fomentar la participaci\u00f3 activa de tota la comunitat educativa, amb l\u2019alumnat\u00a0 com a\u00a0 protagonista<\/span><\/b><span data-contrast=\"none\"> i\u00a0 incloent-hi docents, personal d&#8217;administraci\u00f3 i serveis, fam\u00edlies i altres agents de l&#8217;entorn.<\/span><span data-ccp-props=\"{&quot;201341983&quot;:0,&quot;335551550&quot;:6,&quot;335551620&quot;:6,&quot;335559739&quot;:160,&quot;335559740&quot;:259}\">\u00a0<\/span><\/p>\n<p><span data-contrast=\"none\">Per tal de facilitar els processos interns per <\/span><b><span data-contrast=\"none\">construir una cultura inclusiva<\/span><\/b><span data-contrast=\"none\"> a la comunitat educativa, els centres comptaran amb l\u2019acompanyament pel suport expert de les dinamitzadores d&#8217;educaci\u00f3 inclusiva (DEI) i dos documents de guia, un d&#8217;orientacions generals i un altre de recursos pr\u00e0ctics. <\/span><span data-ccp-props=\"{&quot;201341983&quot;:0,&quot;335551550&quot;:6,&quot;335551620&quot;:6,&quot;335559739&quot;:160,&quot;335559740&quot;:259}\">\u00a0<\/span><\/p>\n<p><span data-contrast=\"none\">El pla d&#8217;acci\u00f3 proposat segueix una implementaci\u00f3 estructurada en <\/span><b><span data-contrast=\"none\">set fases<\/span><\/b><span data-contrast=\"none\">: comprom\u00eds, coneixement, autoavaluaci\u00f3, decisi\u00f3, acci\u00f3, revisi\u00f3 i difusi\u00f3. Cada fase est\u00e0 dissenyada per abordar els actors espec\u00edfics de la comunitat educativa, les accions pertinents i els resultats esperats en cada etapa. Aix\u00ed mateix, a la guia es podran trobar exemples d&#8217;activitats concretes per a cada fase, oferint una estructura completa per al proc\u00e9s. La seq\u00fc\u00e8ncia d&#8217;activitats i la durada del projecte es poden adaptar segons l&#8217;edat dels alumnes, la naturalesa del context del centre educatiu i el nivell de sensibilitzaci\u00f3 existent sobre la inclusi\u00f3. Es recomana que els centres compleixin amb les fases del projecte fins a finals del curs escolar actual, considerant la possibilitat d&#8217;iniciar un nou cicle per abordar reptes emergents.\u00a0<\/span><span data-ccp-props=\"{&quot;201341983&quot;:0,&quot;335551550&quot;:6,&quot;335551620&quot;:6,&quot;335559739&quot;:160,&quot;335559740&quot;:259}\">\u00a0<\/span><\/p>\n<p><span class=\"TextRun SCXW139262644 BCX8\" lang=\"CA-ES\" xml:lang=\"CA-ES\" data-contrast=\"auto\"><span class=\"NormalTextRun SCXW139262644 BCX8\">Podeu trobar m\u00e9s informaci\u00f3 al <\/span><\/span><a href=\"https:\/\/projectes.xtec.cat\/educacioinclusiva\/wp-content\/uploads\/usu2065\/2024\/06\/Centres-en-dansa-per-la-inclusio-FAQS-D.pdf\" target=\"_blank\" rel=\"noopener\"><span class=\"TextRun SCXW139262644 BCX8\" lang=\"CA-ES\" xml:lang=\"CA-ES\" data-contrast=\"auto\"><span class=\"NormalTextRun SpellingErrorV2Themed SCXW139262644 BCX8\">FAQs<\/span><span class=\"NormalTextRun SCXW139262644 BCX8\"> de Centres en dansa per la inclusi\u00f3<\/span> <\/span><\/a><span class=\"TextRun SCXW139262644 BCX8\" lang=\"CA-ES\" xml:lang=\"CA-ES\" data-contrast=\"auto\"><span class=\"NormalTextRun SCXW139262644 BCX8\">i al <\/span><\/span><a class=\"Hyperlink SCXW139262644 BCX8\" href=\"https:\/\/espai.educacio.gencat.cat\/Centres\/Projectes-educatius\/centres-en-dansa\/Pagines\/default.aspx\" target=\"_blank\" rel=\"noreferrer noopener\"><span class=\"TextRun Underlined SCXW139262644 BCX8\" lang=\"CA-ES\" xml:lang=\"CA-ES\" data-contrast=\"none\"><span class=\"NormalTextRun SCXW139262644 BCX8\" data-ccp-charstyle=\"Hyperlink\">Portal de Centres<\/span><\/span><\/a><span class=\"TextRun SCXW139262644 BCX8\" lang=\"CA-ES\" xml:lang=\"CA-ES\" data-contrast=\"auto\"><span class=\"NormalTextRun SCXW139262644 BCX8\">.<\/span><span class=\"NormalTextRun SCXW139262644 BCX8\">\u00a0<\/span><\/span><span class=\"EOP SCXW139262644 BCX8\" data-ccp-props=\"{&quot;201341983&quot;:0,&quot;335559739&quot;:160,&quot;335559740&quot;:259}\">\u00a0<\/span><\/p>\n<div style=\"position: relative; padding-bottom: 56.25%; padding-top: 0; height: 0;\"><iframe loading=\"lazy\" style=\"position: absolute; top: 0; left: 0; width: 100%; height: 100%;\" title=\"INFOGRAFIA ESCOLES EN DANSA CURTA genia.ly\" src=\"https:\/\/view.genial.ly\/659be99558607700143c1a87\" width=\"1200\" height=\"675\" frameborder=\"0\" scrolling=\"yes\" allowfullscreen=\"allowfullscreen\"><\/iframe><\/div>\n<p>&nbsp;<\/p>\n<p><strong><span class=\"ui-provider a b c d e f g h i j k l m n o p q r s t u v w x y z ab ac ae af ag ah ai aj ak\" dir=\"ltr\">#centresendansaperlainclusi\u00f3<\/span><\/strong><\/p>\n","protected":false},"excerpt":{"rendered":"<p><a href=\"https:\/\/projectes.xtec.cat\/educacioinclusiva\/general\/nova-convocatoria-per-inscriures-al-projecte-centres-en-dansa-per-la-inclusio\/attachment\/20240419_115222-1-1\/\" rel=\"attachment wp-att-10306\"><\/a><br \/>\nEl projecte Centres en Dansa per la Inclusi\u00f3, iniciativa de la Taula de Participaci\u00f3 per un Sistema Educatiu Inclusiu (TAPSEI), busca transformar els centres educatius mitjan\u00e7ant l&#8217;aplicaci\u00f3 de din\u00e0miques d&#8217;acci\u00f3 que impulsen la transici\u00f3 de la reflexi\u00f3 a la realitzaci\u00f3 efectiva. El&hellip;  <a href=\"https:\/\/projectes.xtec.cat\/educacioinclusiva\/general\/nova-convocatoria-per-inscriures-al-projecte-centres-en-dansa-per-la-inclusio\/\" title=\"Read Nova convocat\u00f2ria per inscriure\u2019s al projecte Centres en Dansa per la Inclusi\u00f3!\">Llegeix m\u00e9s\u00bb<\/a><\/p>\n","protected":false},"author":4,"featured_media":10306,"comment_status":"closed","ping_status":"closed","sticky":false,"template":"","format":"standard","meta":{"_bbp_topic_count":0,"_bbp_reply_count":0,"_bbp_total_topic_count":0,"_bbp_total_reply_count":0,"_bbp_voice_count":0,"_bbp_anonymous_reply_count":0,"_bbp_topic_count_hidden":0,"_bbp_reply_count_hidden":0,"_bbp_forum_subforum_count":0,"footnotes":""},"categories":[393,1,29],"tags":[395],"class_list":["post-10301","post","type-post","status-publish","format-standard","has-post-thumbnail","hentry","category-centres-en-dansa","category-general","category-portada","tag-centresendansaperlainclusio"],"post_mailing_queue_ids":[],"_links":{"self":[{"href":"https:\/\/projectes.xtec.cat\/educacioinclusiva\/wp-json\/wp\/v2\/posts\/10301","targetHints":{"allow":["GET"]}}],"collection":[{"href":"https:\/\/projectes.xtec.cat\/educacioinclusiva\/wp-json\/wp\/v2\/posts"}],"about":[{"href":"https:\/\/projectes.xtec.cat\/educacioinclusiva\/wp-json\/wp\/v2\/types\/post"}],"author":[{"embeddable":true,"href":"https:\/\/projectes.xtec.cat\/educacioinclusiva\/wp-json\/wp\/v2\/users\/4"}],"replies":[{"embeddable":true,"href":"https:\/\/projectes.xtec.cat\/educacioinclusiva\/wp-json\/wp\/v2\/comments?post=10301"}],"version-history":[{"count":6,"href":"https:\/\/projectes.xtec.cat\/educacioinclusiva\/wp-json\/wp\/v2\/posts\/10301\/revisions"}],"predecessor-version":[{"id":10327,"href":"https:\/\/projectes.xtec.cat\/educacioinclusiva\/wp-json\/wp\/v2\/posts\/10301\/revisions\/10327"}],"wp:featuredmedia":[{"embeddable":true,"href":"https:\/\/projectes.xtec.cat\/educacioinclusiva\/wp-json\/wp\/v2\/media\/10306"}],"wp:attachment":[{"href":"https:\/\/projectes.xtec.cat\/educacioinclusiva\/wp-json\/wp\/v2\/media?parent=10301"}],"wp:term":[{"taxonomy":"category","embeddable":true,"href":"https:\/\/projectes.xtec.cat\/educacioinclusiva\/wp-json\/wp\/v2\/categories?post=10301"},{"taxonomy":"post_tag","embeddable":true,"href":"https:\/\/projectes.xtec.cat\/educacioinclusiva\/wp-json\/wp\/v2\/tags?post=10301"}],"curies":[{"name":"wp","href":"https:\/\/api.w.org\/{rel}","templated":true}]}}