{"id":10320,"date":"2024-06-21T11:11:28","date_gmt":"2024-06-21T09:11:28","guid":{"rendered":"https:\/\/projectes.xtec.cat\/educacioinclusiva\/?p=10320"},"modified":"2024-06-28T10:04:58","modified_gmt":"2024-06-28T08:04:58","slug":"lalumnat-de-aula-hospitalaria-can-ruti-de-lhospital-germans-trias-i-pujol-es-converteixen-en-inventors-i-creadors-a-lexposicio-recepta-inventora","status":"publish","type":"post","link":"https:\/\/projectes.xtec.cat\/educacioinclusiva\/portada\/lalumnat-de-aula-hospitalaria-can-ruti-de-lhospital-germans-trias-i-pujol-es-converteixen-en-inventors-i-creadors-a-lexposicio-recepta-inventora\/","title":{"rendered":"L\u2019alumnat de Aula Hospital\u00e0ria Can Ruti de l\u2019Hospital Germans Trias i Pujol, es converteixen en inventors i creadors a l\u2019Exposici\u00f3 \u201cRECEPTA INVENTORA&#8221;"},"content":{"rendered":"<p><a href=\"https:\/\/projectes.xtec.cat\/educacioinclusiva\/portada\/lalumnat-de-aula-hospitalaria-can-ruti-de-lhospital-germans-trias-i-pujol-es-converteixen-en-inventors-i-creadors-a-lexposicio-recepta-inventora\/attachment\/captura-de-pantalla-2024-06-21-a-les-9-29-57\/\" rel=\"attachment wp-att-10321\"><img loading=\"lazy\" decoding=\"async\" class=\"alignright size-medium wp-image-10321\" src=\"https:\/\/projectes.xtec.cat\/educacioinclusiva\/wp-content\/uploads\/usu2065\/2024\/06\/Captura-de-pantalla-2024-06-21-a-les-9.29.57-169x300.png\" alt=\"Alumne de les aules hospitalaries penjant els treballs de la exposici\u00f3\" width=\"169\" height=\"300\" srcset=\"https:\/\/projectes.xtec.cat\/educacioinclusiva\/wp-content\/uploads\/usu2065\/2024\/06\/Captura-de-pantalla-2024-06-21-a-les-9.29.57-169x300.png 169w, https:\/\/projectes.xtec.cat\/educacioinclusiva\/wp-content\/uploads\/usu2065\/2024\/06\/Captura-de-pantalla-2024-06-21-a-les-9.29.57.png 515w\" sizes=\"auto, (max-width: 169px) 100vw, 169px\" \/><\/a>Aquest any, la 7a planta de Pediatria, coneguda com \u201cla setena\u201d, exhibeixen en una exposici\u00f3 les creacions art\u00edstiques dels nens i nenes de l\u2019Aula Hospital\u00e0ria.<\/p>\n<p>L\u2019Exposici\u00f3 \u201cRECEPTA INVENTORA\u201d \u00e9s el resultat d\u2019un proc\u00e9s creatiu que ha durat tot el curs escolar. Els alumnes van comen\u00e7ar explorant invents que han marcat la hist\u00f2ria de la humanitat, especialment aquells amb impacte en la salut i el m\u00f3n hospitalari, igual que, tamb\u00e9 van explorar invents m\u00e9s modestos que han facilitat la vida quotidiana.<\/p>\n<p>Despr\u00e9s d\u2019aquesta fase d\u2019investigaci\u00f3, els joves van dedicar temps a idear els seus propis invents, fent esbossos en paper, creant prototips amb objectes diversos, i definint la funci\u00f3 i nom de les seves creacions.<\/p>\n<p>La tercera fase del proc\u00e9s va consistir en identificar els ingredients essencials per ser inventor o inventora. Aix\u00ed va n\u00e9ixer la \u201cRecepta Inventora &#8211; 10 Ingredients Essencials per Ser Inventor\u201d, que inclou creativitat, art, temps, imaginaci\u00f3, curiositat, coneixement, paci\u00e8ncia, inconformisme, intel\u00b7lig\u00e8ncia i recursos.<\/p>\n<p>Aquesta exposici\u00f3, ubicada a la planta baixa de l\u2019hospital, ofereix a tots els visitants una mostra de la imaginaci\u00f3 i dedicaci\u00f3 dels alumnes, ressaltant la import\u00e0ncia de l\u2019educaci\u00f3 en entorns hospitalaris. Les obres reflecteixen no nom\u00e9s la capacitat inventiva dels joves pacients, sin\u00f3 tamb\u00e9 el seu esperit indomable i la seva capacitat d\u2019aprendre i expressar-se malgrat les dificultats.<\/p>\n<p>L\u2019Aula Hospital\u00e0ria continua essent un far d\u2019esperan\u00e7a i creativitat dins l\u2019hospital, recordant-nos que la curiositat i la invenci\u00f3 no tenen l\u00edmits, fins i tot en els moments m\u00e9s dif\u00edcils.<\/p>\n<p>En aquest v\u00eddeo teniu una petita mostra de l\u2019Exposici\u00f3:<\/p>\n<p><iframe loading=\"lazy\" title=\"Expo invents 2023-24\" src=\"https:\/\/player.vimeo.com\/video\/958577978?h=a3cbe5f92f&amp;dnt=1&amp;app_id=122963\" width=\"500\" height=\"281\" frameborder=\"0\" allow=\"autoplay; fullscreen; picture-in-picture; clipboard-write\"><\/iframe><\/p>\n<p>M\u00e9s informaci\u00f3 al web de<a href=\"https:\/\/agora.xtec.cat\/aulahospitalariagtp\/\" target=\"_blank\" rel=\"noopener\"> l&#8217;Aula Hospital\u00e0ria Can Ruti.<\/a><\/p>\n","protected":false},"excerpt":{"rendered":"<p><a href=\"https:\/\/projectes.xtec.cat\/educacioinclusiva\/portada\/lalumnat-de-aula-hospitalaria-can-ruti-de-lhospital-germans-trias-i-pujol-es-converteixen-en-inventors-i-creadors-a-lexposicio-recepta-inventora\/attachment\/captura-de-pantalla-2024-06-21-a-les-9-29-57\/\" rel=\"attachment wp-att-10321\"><\/a>Aquest any, la 7a planta de Pediatria, coneguda com \u201cla setena\u201d, exhibeixen en una exposici\u00f3 les creacions art\u00edstiques dels nens i nenes de l\u2019Aula Hospital\u00e0ria.<br \/>\nL\u2019Exposici\u00f3 \u201cRECEPTA INVENTORA\u201d \u00e9s el resultat d\u2019un proc\u00e9s creatiu que ha durat tot el curs escolar. Els alumnes&hellip;  <a href=\"https:\/\/projectes.xtec.cat\/educacioinclusiva\/portada\/lalumnat-de-aula-hospitalaria-can-ruti-de-lhospital-germans-trias-i-pujol-es-converteixen-en-inventors-i-creadors-a-lexposicio-recepta-inventora\/\" title=\"Read L\u2019alumnat de Aula Hospital\u00e0ria Can Ruti de l\u2019Hospital Germans Trias i Pujol, es converteixen en inventors i creadors a l\u2019Exposici\u00f3 \u201cRECEPTA INVENTORA&#8221;\">Llegeix m\u00e9s\u00bb<\/a><\/p>\n","protected":false},"author":4,"featured_media":10321,"comment_status":"closed","ping_status":"closed","sticky":false,"template":"","format":"standard","meta":{"_bbp_topic_count":0,"_bbp_reply_count":0,"_bbp_total_topic_count":0,"_bbp_total_reply_count":0,"_bbp_voice_count":0,"_bbp_anonymous_reply_count":0,"_bbp_topic_count_hidden":0,"_bbp_reply_count_hidden":0,"_bbp_forum_subforum_count":0,"footnotes":""},"categories":[300,29],"tags":[],"class_list":["post-10320","post","type-post","status-publish","format-standard","has-post-thumbnail","hentry","category-ah","category-portada"],"post_mailing_queue_ids":[],"_links":{"self":[{"href":"https:\/\/projectes.xtec.cat\/educacioinclusiva\/wp-json\/wp\/v2\/posts\/10320","targetHints":{"allow":["GET"]}}],"collection":[{"href":"https:\/\/projectes.xtec.cat\/educacioinclusiva\/wp-json\/wp\/v2\/posts"}],"about":[{"href":"https:\/\/projectes.xtec.cat\/educacioinclusiva\/wp-json\/wp\/v2\/types\/post"}],"author":[{"embeddable":true,"href":"https:\/\/projectes.xtec.cat\/educacioinclusiva\/wp-json\/wp\/v2\/users\/4"}],"replies":[{"embeddable":true,"href":"https:\/\/projectes.xtec.cat\/educacioinclusiva\/wp-json\/wp\/v2\/comments?post=10320"}],"version-history":[{"count":6,"href":"https:\/\/projectes.xtec.cat\/educacioinclusiva\/wp-json\/wp\/v2\/posts\/10320\/revisions"}],"predecessor-version":[{"id":10330,"href":"https:\/\/projectes.xtec.cat\/educacioinclusiva\/wp-json\/wp\/v2\/posts\/10320\/revisions\/10330"}],"wp:featuredmedia":[{"embeddable":true,"href":"https:\/\/projectes.xtec.cat\/educacioinclusiva\/wp-json\/wp\/v2\/media\/10321"}],"wp:attachment":[{"href":"https:\/\/projectes.xtec.cat\/educacioinclusiva\/wp-json\/wp\/v2\/media?parent=10320"}],"wp:term":[{"taxonomy":"category","embeddable":true,"href":"https:\/\/projectes.xtec.cat\/educacioinclusiva\/wp-json\/wp\/v2\/categories?post=10320"},{"taxonomy":"post_tag","embeddable":true,"href":"https:\/\/projectes.xtec.cat\/educacioinclusiva\/wp-json\/wp\/v2\/tags?post=10320"}],"curies":[{"name":"wp","href":"https:\/\/api.w.org\/{rel}","templated":true}]}}