{"id":10363,"date":"2024-09-02T13:51:06","date_gmt":"2024-09-02T11:51:06","guid":{"rendered":"https:\/\/projectes.xtec.cat\/educacioinclusiva\/?p=10363"},"modified":"2024-09-02T13:53:43","modified_gmt":"2024-09-02T11:53:43","slug":"publicada-la-resolucio-definitiva-de-la-convocatoria-publica-per-a-la-seleccio-de-cee-sostinguts-amb-fons-publics-interessats-a-esdevenir-ceepsir","status":"publish","type":"post","link":"https:\/\/projectes.xtec.cat\/educacioinclusiva\/general\/publicada-la-resolucio-definitiva-de-la-convocatoria-publica-per-a-la-seleccio-de-cee-sostinguts-amb-fons-publics-interessats-a-esdevenir-ceepsir\/","title":{"rendered":"Publicada la resoluci\u00f3 definitiva de la convocat\u00f2ria p\u00fablica per a la selecci\u00f3 de CEE sostinguts amb fons p\u00fablics interessats a esdevenir CEEPSIR"},"content":{"rendered":"<p>Es resol la tercera convocat\u00f2ria per seleccionar centres d\u2019educaci\u00f3 especial sostinguts amb fons p\u00fablics (titularitat p\u00fablica o privada, a excepci\u00f3 de centres municipals)\u00a0 interessats a esdevenir centres d\u2019educaci\u00f3 especial prove\u00efdors de serveis i recursos (CEEPSIR) a partir del curs 2024-2025 i per un per\u00edode de tres cursos escolars. En aquesta convocat\u00f2ria s&#8217;hi han presentat dos centres p\u00fablics i 10 centres concertats i tots ells han estat seleccionats per esdevenir CEEPSIR.<\/p>\n<p>Podeu veure la resoluci\u00f3 definitiva <a href=\"https:\/\/tauler.seu.cat\/pagDetall.do?idEdicte=517236&amp;idens=1\" target=\"_blank\" rel=\"noopener\">al tauler d&#8217;anuncis.<\/a><\/p>\n","protected":false},"excerpt":{"rendered":"<p>Es resol la tercera convocat\u00f2ria per seleccionar centres d\u2019educaci\u00f3 especial sostinguts amb fons p\u00fablics (titularitat p\u00fablica o privada, a excepci\u00f3 de centres municipals)\u00a0 interessats a esdevenir centres d\u2019educaci\u00f3 especial prove\u00efdors de serveis i recursos (CEEPSIR) a partir del curs 2024-2025 i per un per\u00edode de&hellip;  <a href=\"https:\/\/projectes.xtec.cat\/educacioinclusiva\/general\/publicada-la-resolucio-definitiva-de-la-convocatoria-publica-per-a-la-seleccio-de-cee-sostinguts-amb-fons-publics-interessats-a-esdevenir-ceepsir\/\" title=\"Read Publicada la resoluci\u00f3 definitiva de la convocat\u00f2ria p\u00fablica per a la selecci\u00f3 de CEE sostinguts amb fons p\u00fablics interessats a esdevenir CEEPSIR\">Llegeix m\u00e9s\u00bb<\/a><\/p>\n","protected":false},"author":4,"featured_media":10365,"comment_status":"closed","ping_status":"closed","sticky":false,"template":"","format":"standard","meta":{"_bbp_topic_count":0,"_bbp_reply_count":0,"_bbp_total_topic_count":0,"_bbp_total_reply_count":0,"_bbp_voice_count":0,"_bbp_anonymous_reply_count":0,"_bbp_topic_count_hidden":0,"_bbp_reply_count_hidden":0,"_bbp_forum_subforum_count":0,"footnotes":""},"categories":[305,1,29],"tags":[],"class_list":["post-10363","post","type-post","status-publish","format-standard","has-post-thumbnail","hentry","category-cee","category-general","category-portada"],"post_mailing_queue_ids":[],"_links":{"self":[{"href":"https:\/\/projectes.xtec.cat\/educacioinclusiva\/wp-json\/wp\/v2\/posts\/10363","targetHints":{"allow":["GET"]}}],"collection":[{"href":"https:\/\/projectes.xtec.cat\/educacioinclusiva\/wp-json\/wp\/v2\/posts"}],"about":[{"href":"https:\/\/projectes.xtec.cat\/educacioinclusiva\/wp-json\/wp\/v2\/types\/post"}],"author":[{"embeddable":true,"href":"https:\/\/projectes.xtec.cat\/educacioinclusiva\/wp-json\/wp\/v2\/users\/4"}],"replies":[{"embeddable":true,"href":"https:\/\/projectes.xtec.cat\/educacioinclusiva\/wp-json\/wp\/v2\/comments?post=10363"}],"version-history":[{"count":3,"href":"https:\/\/projectes.xtec.cat\/educacioinclusiva\/wp-json\/wp\/v2\/posts\/10363\/revisions"}],"predecessor-version":[{"id":10368,"href":"https:\/\/projectes.xtec.cat\/educacioinclusiva\/wp-json\/wp\/v2\/posts\/10363\/revisions\/10368"}],"wp:featuredmedia":[{"embeddable":true,"href":"https:\/\/projectes.xtec.cat\/educacioinclusiva\/wp-json\/wp\/v2\/media\/10365"}],"wp:attachment":[{"href":"https:\/\/projectes.xtec.cat\/educacioinclusiva\/wp-json\/wp\/v2\/media?parent=10363"}],"wp:term":[{"taxonomy":"category","embeddable":true,"href":"https:\/\/projectes.xtec.cat\/educacioinclusiva\/wp-json\/wp\/v2\/categories?post=10363"},{"taxonomy":"post_tag","embeddable":true,"href":"https:\/\/projectes.xtec.cat\/educacioinclusiva\/wp-json\/wp\/v2\/tags?post=10363"}],"curies":[{"name":"wp","href":"https:\/\/api.w.org\/{rel}","templated":true}]}}