{"id":10452,"date":"2025-02-25T10:27:42","date_gmt":"2025-02-25T09:27:42","guid":{"rendered":"https:\/\/projectes.xtec.cat\/educacioinclusiva\/?p=10452"},"modified":"2025-03-12T09:32:54","modified_gmt":"2025-03-12T08:32:54","slug":"jornada-camins-de-futur-impulsant-la-insercio-sociolaboral-de-joves-amb-discapacitat","status":"publish","type":"post","link":"https:\/\/projectes.xtec.cat\/educacioinclusiva\/general\/jornada-camins-de-futur-impulsant-la-insercio-sociolaboral-de-joves-amb-discapacitat\/","title":{"rendered":"Jornada Camins de Futur: impulsant la inserci\u00f3 sociolaboral de joves amb discapacitat"},"content":{"rendered":"<p>&nbsp;<\/p>\n<p><a href=\"https:\/\/projectes.xtec.cat\/educacioinclusiva\/general\/jornada-camins-de-futur-impulsant-la-insercio-sociolaboral-de-joves-amb-discapacitat\/attachment\/imtge-guia\/\" rel=\"attachment wp-att-10456\"><img loading=\"lazy\" decoding=\"async\" class=\"alignright size-medium wp-image-10456\" src=\"https:\/\/projectes.xtec.cat\/educacioinclusiva\/wp-content\/uploads\/usu2065\/2025\/02\/Imtge-guia-209x300.jpg\" alt=\"Guia per a l'acompanyament de joves amb discapaciat\" width=\"209\" height=\"300\" srcset=\"https:\/\/projectes.xtec.cat\/educacioinclusiva\/wp-content\/uploads\/usu2065\/2025\/02\/Imtge-guia-209x300.jpg 209w, https:\/\/projectes.xtec.cat\/educacioinclusiva\/wp-content\/uploads\/usu2065\/2025\/02\/Imtge-guia.jpg 635w\" sizes=\"auto, (max-width: 209px) 100vw, 209px\" \/><\/a>El pr\u00f2xim <strong>13 de mar\u00e7<\/strong>, tindr\u00e0 lloc la <strong>Jornada Camins de Futur<\/strong>, un espai de trobada per als professionals dels <strong>Departaments d&#8217;Empresa i Treball<\/strong>, <strong>Drets Socials i Inclusi\u00f3<\/strong>, i <strong>Educaci\u00f3<\/strong>, amb l&#8217;objectiu d&#8217;enfortir la xarxa d&#8217;orientaci\u00f3 i suport per acompanyar els joves amb discapacitat en els seus itineraris cap a la inserci\u00f3 sociolaboral.<\/p>\n<p>Durant la jornada, es presentar\u00e0 la nova <a href=\"https:\/\/educacio.gencat.cat\/ca\/departament\/publicacions\/colleccions\/inclusio\/acompanyament-adolescents-joves-discapacitat\/\" target=\"_blank\" rel=\"noopener\"><strong>Guia per a l\u2019acompanyament a adolescents i joves amb discapacitat en la formaci\u00f3 postobligat\u00f2ria i la transici\u00f3 a la vida adulta<\/strong>,<\/a> una eina essencial per als professionals que treballen en aquest \u00e0mbit.<\/p>\n<p><strong>Detalls de la jornada:<\/strong><\/p>\n<ul data-spread=\"false\">\n<li>\ud83d\udcc5 <strong>Data:<\/strong> 13 de mar\u00e7<\/li>\n<li>\u23f0 <strong>Horari:<\/strong> de 9:00 a 13:30 h<\/li>\n<li>\ud83d\udccd <strong>Lloc:<\/strong> Hotel Exe Campus, Vila Universit\u00e0ria, Campus UAB, Bellaterra.<\/li>\n<\/ul>\n<p>\ud83d\udd17 <a href=\"https:\/\/projectes.xtec.cat\/educacioinclusiva\/wp-content\/uploads\/usu2065\/2025\/02\/Programa-Camins-futur-curt_A5-2.pdf\" target=\"_blank\" rel=\"noopener\"><strong>Consulta el programa complet<\/strong><\/a><br \/>\n\ud83d\udd17<a href=\"https:\/\/form.typeform.com\/to\/lDp0o1Zc\" target=\"_blank\" rel=\"noopener\"> <strong>Inscriu-te a la jornada aqu\u00ed<\/strong><\/a><\/p>\n<p><strong>No perdis l&#8217;oportunitat de connectar amb altres professionals, compartir experi\u00e8ncies i descobrir nous recursos per millorar l&#8217;acompanyament a la inserci\u00f3 sociolaboral dels joves amb discapacitat. T&#8217;hi esperem!<\/strong><\/p>\n<p>&nbsp;<\/p>\n","protected":false},"excerpt":{"rendered":"<p>&nbsp;<br \/>\n<a href=\"https:\/\/projectes.xtec.cat\/educacioinclusiva\/general\/jornada-camins-de-futur-impulsant-la-insercio-sociolaboral-de-joves-amb-discapacitat\/attachment\/imtge-guia\/\" rel=\"attachment wp-att-10456\"><\/a>El pr\u00f2xim 13 de mar\u00e7, tindr\u00e0 lloc la Jornada Camins de Futur, un espai de trobada per als professionals dels Departaments d&#8217;Empresa i Treball, Drets Socials i Inclusi\u00f3, i Educaci\u00f3, amb l&#8217;objectiu d&#8217;enfortir la xarxa d&#8217;orientaci\u00f3 i suport per acompanyar els joves&hellip;  <a href=\"https:\/\/projectes.xtec.cat\/educacioinclusiva\/general\/jornada-camins-de-futur-impulsant-la-insercio-sociolaboral-de-joves-amb-discapacitat\/\" title=\"Read Jornada Camins de Futur: impulsant la inserci\u00f3 sociolaboral de joves amb discapacitat\">Llegeix m\u00e9s\u00bb<\/a><\/p>\n","protected":false},"author":4,"featured_media":10455,"comment_status":"closed","ping_status":"closed","sticky":false,"template":"","format":"standard","meta":{"_bbp_topic_count":0,"_bbp_reply_count":0,"_bbp_total_topic_count":0,"_bbp_total_reply_count":0,"_bbp_voice_count":0,"_bbp_anonymous_reply_count":0,"_bbp_topic_count_hidden":0,"_bbp_reply_count_hidden":0,"_bbp_forum_subforum_count":0,"footnotes":""},"categories":[1,29],"tags":[],"class_list":["post-10452","post","type-post","status-publish","format-standard","has-post-thumbnail","hentry","category-general","category-portada"],"post_mailing_queue_ids":[],"_links":{"self":[{"href":"https:\/\/projectes.xtec.cat\/educacioinclusiva\/wp-json\/wp\/v2\/posts\/10452","targetHints":{"allow":["GET"]}}],"collection":[{"href":"https:\/\/projectes.xtec.cat\/educacioinclusiva\/wp-json\/wp\/v2\/posts"}],"about":[{"href":"https:\/\/projectes.xtec.cat\/educacioinclusiva\/wp-json\/wp\/v2\/types\/post"}],"author":[{"embeddable":true,"href":"https:\/\/projectes.xtec.cat\/educacioinclusiva\/wp-json\/wp\/v2\/users\/4"}],"replies":[{"embeddable":true,"href":"https:\/\/projectes.xtec.cat\/educacioinclusiva\/wp-json\/wp\/v2\/comments?post=10452"}],"version-history":[{"count":6,"href":"https:\/\/projectes.xtec.cat\/educacioinclusiva\/wp-json\/wp\/v2\/posts\/10452\/revisions"}],"predecessor-version":[{"id":10460,"href":"https:\/\/projectes.xtec.cat\/educacioinclusiva\/wp-json\/wp\/v2\/posts\/10452\/revisions\/10460"}],"wp:featuredmedia":[{"embeddable":true,"href":"https:\/\/projectes.xtec.cat\/educacioinclusiva\/wp-json\/wp\/v2\/media\/10455"}],"wp:attachment":[{"href":"https:\/\/projectes.xtec.cat\/educacioinclusiva\/wp-json\/wp\/v2\/media?parent=10452"}],"wp:term":[{"taxonomy":"category","embeddable":true,"href":"https:\/\/projectes.xtec.cat\/educacioinclusiva\/wp-json\/wp\/v2\/categories?post=10452"},{"taxonomy":"post_tag","embeddable":true,"href":"https:\/\/projectes.xtec.cat\/educacioinclusiva\/wp-json\/wp\/v2\/tags?post=10452"}],"curies":[{"name":"wp","href":"https:\/\/api.w.org\/{rel}","templated":true}]}}