{"id":10469,"date":"2025-03-31T09:58:16","date_gmt":"2025-03-31T07:58:16","guid":{"rendered":"https:\/\/projectes.xtec.cat\/educacioinclusiva\/?p=10469"},"modified":"2025-03-31T11:40:25","modified_gmt":"2025-03-31T09:40:25","slug":"nova-guia-per-a-lacompanyament-a-adolescents-i-joves-amb-discapacitat-en-la-formacio-postobligatoria-i-la-transicio-a-la-vida-adulta","status":"publish","type":"post","link":"https:\/\/projectes.xtec.cat\/educacioinclusiva\/general\/nova-guia-per-a-lacompanyament-a-adolescents-i-joves-amb-discapacitat-en-la-formacio-postobligatoria-i-la-transicio-a-la-vida-adulta\/","title":{"rendered":"Nova Guia per a l&#8217;Acompanyament a Adolescents i Joves amb Discapacitat en la Formaci\u00f3 Postobligat\u00f2ria i la Transici\u00f3 a la Vida Adulta"},"content":{"rendered":"<p><a href=\"https:\/\/projectes.xtec.cat\/educacioinclusiva\/general\/nova-guia-per-a-lacompanyament-a-adolescents-i-joves-amb-discapacitat-en-la-formacio-postobligatoria-i-la-transicio-a-la-vida-adulta\/attachment\/imtge-guia-2\/\" rel=\"attachment wp-att-10471\"><img loading=\"lazy\" decoding=\"async\" class=\"alignright wp-image-10471\" src=\"https:\/\/projectes.xtec.cat\/educacioinclusiva\/wp-content\/uploads\/usu2065\/2025\/03\/Imtge-guia.jpg\" alt=\"Guia per a l'acompanyament a adolescents i joves amb discapacitat en la formaci\u00f3 postobligat\u00f2ria i la transici\u00f3 a la vida adulta\" width=\"400\" height=\"573\" srcset=\"https:\/\/projectes.xtec.cat\/educacioinclusiva\/wp-content\/uploads\/usu2065\/2025\/03\/Imtge-guia.jpg 635w, https:\/\/projectes.xtec.cat\/educacioinclusiva\/wp-content\/uploads\/usu2065\/2025\/03\/Imtge-guia-209x300.jpg 209w\" sizes=\"auto, (max-width: 400px) 100vw, 400px\" \/><\/a><\/p>\n<p>Ja est\u00e0 disponible la <strong><a href=\"https:\/\/educacio.gencat.cat\/ca\/departament\/publicacions\/colleccions\/inclusio\/acompanyament-adolescents-joves-discapacitat\/\" target=\"_blank\" rel=\"noopener\">&#8220;Guia per a l&#8217;acompanyament a adolescents i joves amb discapacitat en la formaci\u00f3 postobligat\u00f2ria i la transici\u00f3 a la vida adulta&#8221;<\/a><\/strong>, un recurs per orientar i facilitar l&#8217;elecci\u00f3 d&#8217;itineraris formatius i professionals adaptats a les necessitats dels joves amb discapacitat.<\/p>\n<p>Aquesta guia, impulsada pel Departament d&#8217;Educaci\u00f3 i Formaci\u00f3 Professional, el Departament d&#8217;Empresa i Treball, el Departament de Drets Socials i Inclusi\u00f3 i el Departament de Recerca i Universitats, recull de manera exhaustiva l&#8217;oferta actual de formaci\u00f3 i transici\u00f3 a la vida adulta.<\/p>\n<p>La guia est\u00e0 concebuda com una eina per a les persones amb discapacitat i les seves fam\u00edlies, proporcionant-los suport en la presa de decisions i en la cerca de recursos. A m\u00e9s, facilita als professionals de l&#8217;orientaci\u00f3 educativa un directori complet i estructurat de serveis disponibles.<\/p>\n<p>El contingut es presenta organitzat en tres grans blocs:<\/p>\n<ul data-spread=\"false\">\n<li><strong>Itineraris formatius<\/strong>: opcions educatives adaptades a diferents necessitats i objectius.<\/li>\n<li><strong>Itineraris laborals<\/strong>: oportunitats per a la inserci\u00f3 i desenvolupament professional.<\/li>\n<li><strong>Serveis d&#8217;atenci\u00f3 di\u00fcrna<\/strong>: recursos de suport i acompanyament en la vida di\u00e0ria.<\/li>\n<\/ul>\n<p>Cada apartat inclou enlla\u00e7os als llocs web de refer\u00e8ncia dels diferents departaments implicats, garantint l&#8217;acc\u00e9s a informaci\u00f3 actualitzada i de qualitat.<\/p>\n<p>Per facilitar-ne l&#8217;\u00fas, tamb\u00e9 s&#8217;ha elaborat una <a href=\"https:\/\/teams.microsoft.com\/l\/meetingrecap?driveId=b%21Wu7iMq89bU2Z0mFKXYJkRbel97R_niNBg8HZqyHx3impeyM_AZIFQrFUeh9PYLiQ&amp;driveItemId=01UPDMUCQLF5WOZEQC6VD3JQDLCUGR3VHZ&amp;sitePath=https%3A%2F%2Fgencat-my.sharepoint.com%2F%3Av%3A%2Fg%2Fpersonal%2Fsusanatarapiellac_gencat_cat%2FEQsvbOySAvVHtMBrFQ0d1PkB5IQiruoIU8eKKR4AfbdIww&amp;fileUrl=https%3A%2F%2Fgencat-my.sharepoint.com%2Fpersonal%2Fsusanatarapiellac_gencat_cat%2FDocuments%2FEnregistraments%2FReuni%25C3%25B3%2520d%2527equip%2520de%2520la%2520direcci%25C3%25B3%2520general%2520d%2527Educaci%25C3%25B3%2520Inclusiva-20250331_100700-Enregistrament%2520de%2520la%2520reuni%25C3%25B3.mp4%3Fweb%3D1&amp;iCalUid=040000008200E00074C5B7101A82E00800000000C047162B599EDB01000000000000000010000000F3D588856EB4694698D0C6EA7AAA8EDD&amp;threadId=19%3Ameeting_YjFhMGFmOGItNjZkYS00ZDFiLWJmZWItNGFhNjg1YTRiZWJh%40thread.v2&amp;organizerId=c3ea6455-a942-4e9f-8c05-0e79d8680b01&amp;tenantId=3b9427dc-d30e-43bc-8c06-ff7253676fec&amp;callId=cbdb4876-37ab-461d-86af-473ef89b21b6&amp;threadType=Meeting&amp;meetingType=Scheduled&amp;subType=RecapSharingLink_RecapCore\" target=\"_blank\" rel=\"noopener\"><strong>infografia resum<\/strong><\/a> i una <strong>versi\u00f3 amb lectura f\u00e0cil<\/strong>, fent-la m\u00e9s accessible per a tothom.<\/p>\n<p>Aquesta guia representa un pas endavant en l&#8217;acompanyament i suport a les persones amb discapacitat, afavorint una transici\u00f3 inclusiva i ajustada a les seves necessitats i aspiracions. Podeu consultar-la i descarregar-la <a href=\"https:\/\/educacio.gencat.cat\/ca\/departament\/publicacions\/colleccions\/inclusio\/acompanyament-adolescents-joves-discapacitat\/\" target=\"_blank\" rel=\"noopener\">aqu\u00ed.<\/a><\/p>\n<p><a href=\"https:\/\/educacio.gencat.cat\/web\/.content\/home\/departament\/publicacions\/colleccions\/inclusio\/acompanyament-adolescents-joves-discapacitat\/infografia-acompanyament-discapacitat.pdf\" target=\"_blank\" rel=\"attachment noopener wp-att-10476\"><img loading=\"lazy\" decoding=\"async\" class=\"aligncenter wp-image-10476 size-large\" src=\"https:\/\/projectes.xtec.cat\/educacioinclusiva\/wp-content\/uploads\/usu2065\/2025\/03\/Imatge-infografia-736x1024.jpg\" alt=\"Infografia resum de la guia\" width=\"736\" height=\"1024\" srcset=\"https:\/\/projectes.xtec.cat\/educacioinclusiva\/wp-content\/uploads\/usu2065\/2025\/03\/Imatge-infografia-736x1024.jpg 736w, https:\/\/projectes.xtec.cat\/educacioinclusiva\/wp-content\/uploads\/usu2065\/2025\/03\/Imatge-infografia-216x300.jpg 216w, https:\/\/projectes.xtec.cat\/educacioinclusiva\/wp-content\/uploads\/usu2065\/2025\/03\/Imatge-infografia-768x1068.jpg 768w, https:\/\/projectes.xtec.cat\/educacioinclusiva\/wp-content\/uploads\/usu2065\/2025\/03\/Imatge-infografia.jpg 773w\" sizes=\"auto, (max-width: 736px) 100vw, 736px\" \/><\/a><\/p>\n<p>&nbsp;<\/p>\n","protected":false},"excerpt":{"rendered":"<p><a href=\"https:\/\/projectes.xtec.cat\/educacioinclusiva\/general\/nova-guia-per-a-lacompanyament-a-adolescents-i-joves-amb-discapacitat-en-la-formacio-postobligatoria-i-la-transicio-a-la-vida-adulta\/attachment\/imtge-guia-2\/\" rel=\"attachment wp-att-10471\"><\/a><br \/>\nJa est\u00e0 disponible la <a href=\"https:\/\/educacio.gencat.cat\/ca\/departament\/publicacions\/colleccions\/inclusio\/acompanyament-adolescents-joves-discapacitat\/\" target=\"_blank\" rel=\"noopener\">&#8220;Guia per a l&#8217;acompanyament a adolescents i joves amb discapacitat en la formaci\u00f3 postobligat\u00f2ria i la transici\u00f3 a la vida adulta&#8221;<\/a>, un recurs per orientar i facilitar l&#8217;elecci\u00f3 d&#8217;itineraris formatius i professionals adaptats a les&hellip;  <a href=\"https:\/\/projectes.xtec.cat\/educacioinclusiva\/general\/nova-guia-per-a-lacompanyament-a-adolescents-i-joves-amb-discapacitat-en-la-formacio-postobligatoria-i-la-transicio-a-la-vida-adulta\/\" title=\"Read Nova Guia per a l&#8217;Acompanyament a Adolescents i Joves amb Discapacitat en la Formaci\u00f3 Postobligat\u00f2ria i la Transici\u00f3 a la Vida Adulta\">Llegeix m\u00e9s\u00bb<\/a><\/p>\n","protected":false},"author":4,"featured_media":10471,"comment_status":"closed","ping_status":"closed","sticky":false,"template":"","format":"standard","meta":{"_bbp_topic_count":0,"_bbp_reply_count":0,"_bbp_total_topic_count":0,"_bbp_total_reply_count":0,"_bbp_voice_count":0,"_bbp_anonymous_reply_count":0,"_bbp_topic_count_hidden":0,"_bbp_reply_count_hidden":0,"_bbp_forum_subforum_count":0,"footnotes":""},"categories":[1,382,29],"tags":[],"class_list":["post-10469","post","type-post","status-publish","format-standard","has-post-thumbnail","hentry","category-general","category-guies-ed-inclusiva","category-portada"],"post_mailing_queue_ids":[],"_links":{"self":[{"href":"https:\/\/projectes.xtec.cat\/educacioinclusiva\/wp-json\/wp\/v2\/posts\/10469","targetHints":{"allow":["GET"]}}],"collection":[{"href":"https:\/\/projectes.xtec.cat\/educacioinclusiva\/wp-json\/wp\/v2\/posts"}],"about":[{"href":"https:\/\/projectes.xtec.cat\/educacioinclusiva\/wp-json\/wp\/v2\/types\/post"}],"author":[{"embeddable":true,"href":"https:\/\/projectes.xtec.cat\/educacioinclusiva\/wp-json\/wp\/v2\/users\/4"}],"replies":[{"embeddable":true,"href":"https:\/\/projectes.xtec.cat\/educacioinclusiva\/wp-json\/wp\/v2\/comments?post=10469"}],"version-history":[{"count":6,"href":"https:\/\/projectes.xtec.cat\/educacioinclusiva\/wp-json\/wp\/v2\/posts\/10469\/revisions"}],"predecessor-version":[{"id":10479,"href":"https:\/\/projectes.xtec.cat\/educacioinclusiva\/wp-json\/wp\/v2\/posts\/10469\/revisions\/10479"}],"wp:featuredmedia":[{"embeddable":true,"href":"https:\/\/projectes.xtec.cat\/educacioinclusiva\/wp-json\/wp\/v2\/media\/10471"}],"wp:attachment":[{"href":"https:\/\/projectes.xtec.cat\/educacioinclusiva\/wp-json\/wp\/v2\/media?parent=10469"}],"wp:term":[{"taxonomy":"category","embeddable":true,"href":"https:\/\/projectes.xtec.cat\/educacioinclusiva\/wp-json\/wp\/v2\/categories?post=10469"},{"taxonomy":"post_tag","embeddable":true,"href":"https:\/\/projectes.xtec.cat\/educacioinclusiva\/wp-json\/wp\/v2\/tags?post=10469"}],"curies":[{"name":"wp","href":"https:\/\/api.w.org\/{rel}","templated":true}]}}