{"id":10589,"date":"2025-06-10T09:22:31","date_gmt":"2025-06-10T07:22:31","guid":{"rendered":"https:\/\/projectes.xtec.cat\/educacioinclusiva\/?p=10589"},"modified":"2025-06-10T11:09:36","modified_gmt":"2025-06-10T09:09:36","slug":"jornada-sobre-educacio-musical-inclusiva","status":"publish","type":"post","link":"https:\/\/projectes.xtec.cat\/educacioinclusiva\/general\/jornada-sobre-educacio-musical-inclusiva\/","title":{"rendered":"Jornada sobre Educaci\u00f3 Musical Inclusiva"},"content":{"rendered":"<p data-start=\"142\" data-end=\"451\"><a href=\"https:\/\/projectes.xtec.cat\/educacioinclusiva\/wp-content\/uploads\/usu2065\/2025\/06\/ma-de-nen-amb-partitura-Braille.png\"><img loading=\"lazy\" decoding=\"async\" class=\"wp-image-10593 alignleft\" src=\"https:\/\/projectes.xtec.cat\/educacioinclusiva\/wp-content\/uploads\/usu2065\/2025\/06\/ma-de-nen-amb-partitura-Braille.png\" alt=\"\" width=\"167\" height=\"167\" srcset=\"https:\/\/projectes.xtec.cat\/educacioinclusiva\/wp-content\/uploads\/usu2065\/2025\/06\/ma-de-nen-amb-partitura-Braille.png 1024w, https:\/\/projectes.xtec.cat\/educacioinclusiva\/wp-content\/uploads\/usu2065\/2025\/06\/ma-de-nen-amb-partitura-Braille-300x300.png 300w, https:\/\/projectes.xtec.cat\/educacioinclusiva\/wp-content\/uploads\/usu2065\/2025\/06\/ma-de-nen-amb-partitura-Braille-150x150.png 150w, https:\/\/projectes.xtec.cat\/educacioinclusiva\/wp-content\/uploads\/usu2065\/2025\/06\/ma-de-nen-amb-partitura-Braille-768x768.png 768w\" sizes=\"auto, (max-width: 167px) 100vw, 167px\" \/><\/a>En el marc del 40\u00e8 aniversari del CREDV-CRE ONCE Barcelona, el proper 8 de juliol de 2025 tindr\u00e0 lloc a l\u2019Escola Superior de M\u00fasica de Catalunya (ESMUC) una jornada dedicada al Disseny Universal d\u2019Aprenentatges Musicals (DUAM), centrada en les discapacitats sensorials (visual i auditiva).<\/p>\n<p data-start=\"453\" data-end=\"752\">La trobada t\u00e9 com a objectiu donar visibilitat a experi\u00e8ncies pr\u00e0ctiques d\u2019educaci\u00f3 musical inclusiva d\u2019arreu de Catalunya i compartir coneixement i bones pr\u00e0ctiques entre professionals. Tamb\u00e9 es presentar\u00e0 el projecte IncluMusic, liderat per l\u2019Associaci\u00f3 Europea de Conservatoris (AEC).<\/p>\n<p data-start=\"754\" data-end=\"990\">La inscripci\u00f3 \u00e9s gratu\u00efta i ja est\u00e0 oberta a trav\u00e9s del <a href=\"https:\/\/forms.office.com\/pages\/responsepage.aspx?id=MziA2ZQOU0WslHunsTY0a2b9YqjqKiFFiFZ44TOEs_BUMktXM1FXNk81TExLVktRN0czOVcwOEZENS4u&amp;route=shorturl\">seg\u00fcent enlla\u00e7<\/a>.<br data-start=\"854\" data-end=\"857\" \/>Organitzen: Departament d\u2019Educaci\u00f3 i Mediaci\u00f3 Art\u00edstica de l\u2019ESMUC i CREDV-CRE ONCE Barcelona.<\/p>\n","protected":false},"excerpt":{"rendered":"<p><a href=\"https:\/\/projectes.xtec.cat\/educacioinclusiva\/wp-content\/uploads\/usu2065\/2025\/06\/ma-de-nen-amb-partitura-Braille.png\"><\/a>En el marc del 40\u00e8 aniversari del CREDV-CRE ONCE Barcelona, el proper 8 de juliol de 2025 tindr\u00e0 lloc a l\u2019Escola Superior de M\u00fasica de Catalunya (ESMUC) una jornada dedicada al Disseny Universal d\u2019Aprenentatges Musicals (DUAM), centrada en les discapacitats sensorials (visual i auditiva).<br \/>\nLa&hellip;  <a href=\"https:\/\/projectes.xtec.cat\/educacioinclusiva\/general\/jornada-sobre-educacio-musical-inclusiva\/\" title=\"Read Jornada sobre Educaci\u00f3 Musical Inclusiva\">Llegeix m\u00e9s\u00bb<\/a><\/p>\n","protected":false},"author":28,"featured_media":10593,"comment_status":"closed","ping_status":"open","sticky":false,"template":"","format":"standard","meta":{"_bbp_topic_count":0,"_bbp_reply_count":0,"_bbp_total_topic_count":0,"_bbp_total_reply_count":0,"_bbp_voice_count":0,"_bbp_anonymous_reply_count":0,"_bbp_topic_count_hidden":0,"_bbp_reply_count_hidden":0,"_bbp_forum_subforum_count":0,"footnotes":""},"categories":[1,29],"tags":[],"class_list":["post-10589","post","type-post","status-publish","format-standard","has-post-thumbnail","hentry","category-general","category-portada"],"post_mailing_queue_ids":[],"_links":{"self":[{"href":"https:\/\/projectes.xtec.cat\/educacioinclusiva\/wp-json\/wp\/v2\/posts\/10589","targetHints":{"allow":["GET"]}}],"collection":[{"href":"https:\/\/projectes.xtec.cat\/educacioinclusiva\/wp-json\/wp\/v2\/posts"}],"about":[{"href":"https:\/\/projectes.xtec.cat\/educacioinclusiva\/wp-json\/wp\/v2\/types\/post"}],"author":[{"embeddable":true,"href":"https:\/\/projectes.xtec.cat\/educacioinclusiva\/wp-json\/wp\/v2\/users\/28"}],"replies":[{"embeddable":true,"href":"https:\/\/projectes.xtec.cat\/educacioinclusiva\/wp-json\/wp\/v2\/comments?post=10589"}],"version-history":[{"count":5,"href":"https:\/\/projectes.xtec.cat\/educacioinclusiva\/wp-json\/wp\/v2\/posts\/10589\/revisions"}],"predecessor-version":[{"id":10595,"href":"https:\/\/projectes.xtec.cat\/educacioinclusiva\/wp-json\/wp\/v2\/posts\/10589\/revisions\/10595"}],"wp:featuredmedia":[{"embeddable":true,"href":"https:\/\/projectes.xtec.cat\/educacioinclusiva\/wp-json\/wp\/v2\/media\/10593"}],"wp:attachment":[{"href":"https:\/\/projectes.xtec.cat\/educacioinclusiva\/wp-json\/wp\/v2\/media?parent=10589"}],"wp:term":[{"taxonomy":"category","embeddable":true,"href":"https:\/\/projectes.xtec.cat\/educacioinclusiva\/wp-json\/wp\/v2\/categories?post=10589"},{"taxonomy":"post_tag","embeddable":true,"href":"https:\/\/projectes.xtec.cat\/educacioinclusiva\/wp-json\/wp\/v2\/tags?post=10589"}],"curies":[{"name":"wp","href":"https:\/\/api.w.org\/{rel}","templated":true}]}}