{"id":10674,"date":"2026-02-02T15:12:32","date_gmt":"2026-02-02T14:12:32","guid":{"rendered":"https:\/\/projectes.xtec.cat\/educacioinclusiva\/?p=10674"},"modified":"2026-02-02T15:15:06","modified_gmt":"2026-02-02T14:15:06","slug":"les-dinamitzadores-deducacio-inclusiva-dei-impuls-i-acompanyament-per-avancar-cap-a-una-escola-inclusiva","status":"publish","type":"post","link":"https:\/\/projectes.xtec.cat\/educacioinclusiva\/general\/les-dinamitzadores-deducacio-inclusiva-dei-impuls-i-acompanyament-per-avancar-cap-a-una-escola-inclusiva\/","title":{"rendered":"Les Dinamitzadores d\u2019Educaci\u00f3 Inclusiva (DEI): impuls i acompanyament per avan\u00e7ar cap a una escola inclusiva"},"content":{"rendered":"<p data-start=\"80\" data-end=\"319\">Les <strong data-start=\"84\" data-end=\"129\">Dinamitzadores d\u2019Educaci\u00f3 Inclusiva (DEI)<\/strong> s\u00f3n una figura clau per avan\u00e7ar cap a un sistema educatiu m\u00e9s inclusiu i equitatiu, acompanyant els centres i els professionals del territori en el desplegament de l\u2019educaci\u00f3 inclusiva.<\/p>\n<p data-start=\"321\" data-end=\"686\">La seva tasca se centra en accions formatives i acompanyament a cada servei territorial i CEB per poder implementar accions de millora vers la inclusi\u00f3 i l&#8217;equitat alineades amb la normativa vigent. Treballen de manera coordinada\u00a0amb els serveis educatius i els diferents agents del territori.<\/p>\n<p data-start=\"321\" data-end=\"686\"><a href=\"https:\/\/projectes.xtec.cat\/educacioinclusiva\/wp-content\/uploads\/usu2065\/2026\/02\/infografia-DEI.png\"><img loading=\"lazy\" decoding=\"async\" class=\"alignnone wp-image-10675 size-full\" src=\"https:\/\/projectes.xtec.cat\/educacioinclusiva\/wp-content\/uploads\/usu2065\/2026\/02\/infografia-DEI.png\" alt=\"\" width=\"464\" height=\"665\" srcset=\"https:\/\/projectes.xtec.cat\/educacioinclusiva\/wp-content\/uploads\/usu2065\/2026\/02\/infografia-DEI.png 464w, https:\/\/projectes.xtec.cat\/educacioinclusiva\/wp-content\/uploads\/usu2065\/2026\/02\/infografia-DEI-209x300.png 209w\" sizes=\"auto, (max-width: 464px) 100vw, 464px\" \/><\/a><\/p>\n<p data-start=\"321\" data-end=\"686\"><a href=\"https:\/\/drive.google.com\/file\/d\/1nDbATkGyc1VMZdES4wO1M7iC2jHma25O\/view\">Infografia DEI<\/a><\/p>\n","protected":false},"excerpt":{"rendered":"<p>Les Dinamitzadores d\u2019Educaci\u00f3 Inclusiva (DEI) s\u00f3n una figura clau per avan\u00e7ar cap a un sistema educatiu m\u00e9s inclusiu i equitatiu, acompanyant els centres i els professionals del territori en el desplegament de l\u2019educaci\u00f3 inclusiva.<br \/>\nLa seva tasca se centra en accions formatives i acompanyament a cada&hellip;  <a href=\"https:\/\/projectes.xtec.cat\/educacioinclusiva\/general\/les-dinamitzadores-deducacio-inclusiva-dei-impuls-i-acompanyament-per-avancar-cap-a-una-escola-inclusiva\/\" title=\"Read Les Dinamitzadores d\u2019Educaci\u00f3 Inclusiva (DEI): impuls i acompanyament per avan\u00e7ar cap a una escola inclusiva\">Llegeix m\u00e9s\u00bb<\/a><\/p>\n","protected":false},"author":31,"featured_media":10675,"comment_status":"closed","ping_status":"open","sticky":false,"template":"","format":"standard","meta":{"_bbp_topic_count":0,"_bbp_reply_count":0,"_bbp_total_topic_count":0,"_bbp_total_reply_count":0,"_bbp_voice_count":0,"_bbp_anonymous_reply_count":0,"_bbp_topic_count_hidden":0,"_bbp_reply_count_hidden":0,"_bbp_forum_subforum_count":0,"footnotes":""},"categories":[383,1],"tags":[],"class_list":["post-10674","post","type-post","status-publish","format-standard","has-post-thumbnail","hentry","category-formadores-deducacio-inclusiva","category-general"],"post_mailing_queue_ids":[],"_links":{"self":[{"href":"https:\/\/projectes.xtec.cat\/educacioinclusiva\/wp-json\/wp\/v2\/posts\/10674","targetHints":{"allow":["GET"]}}],"collection":[{"href":"https:\/\/projectes.xtec.cat\/educacioinclusiva\/wp-json\/wp\/v2\/posts"}],"about":[{"href":"https:\/\/projectes.xtec.cat\/educacioinclusiva\/wp-json\/wp\/v2\/types\/post"}],"author":[{"embeddable":true,"href":"https:\/\/projectes.xtec.cat\/educacioinclusiva\/wp-json\/wp\/v2\/users\/31"}],"replies":[{"embeddable":true,"href":"https:\/\/projectes.xtec.cat\/educacioinclusiva\/wp-json\/wp\/v2\/comments?post=10674"}],"version-history":[{"count":1,"href":"https:\/\/projectes.xtec.cat\/educacioinclusiva\/wp-json\/wp\/v2\/posts\/10674\/revisions"}],"predecessor-version":[{"id":10676,"href":"https:\/\/projectes.xtec.cat\/educacioinclusiva\/wp-json\/wp\/v2\/posts\/10674\/revisions\/10676"}],"wp:featuredmedia":[{"embeddable":true,"href":"https:\/\/projectes.xtec.cat\/educacioinclusiva\/wp-json\/wp\/v2\/media\/10675"}],"wp:attachment":[{"href":"https:\/\/projectes.xtec.cat\/educacioinclusiva\/wp-json\/wp\/v2\/media?parent=10674"}],"wp:term":[{"taxonomy":"category","embeddable":true,"href":"https:\/\/projectes.xtec.cat\/educacioinclusiva\/wp-json\/wp\/v2\/categories?post=10674"},{"taxonomy":"post_tag","embeddable":true,"href":"https:\/\/projectes.xtec.cat\/educacioinclusiva\/wp-json\/wp\/v2\/tags?post=10674"}],"curies":[{"name":"wp","href":"https:\/\/api.w.org\/{rel}","templated":true}]}}