{"id":10894,"date":"2026-09-03T18:46:45","date_gmt":"2026-09-03T16:46:45","guid":{"rendered":"https:\/\/projectes.xtec.cat\/educacioinclusiva\/?p=10894"},"modified":"2026-09-03T18:47:02","modified_gmt":"2026-09-03T16:47:02","slug":"publicacio-de-nou-document","status":"publish","type":"post","link":"https:\/\/projectes.xtec.cat\/educacioinclusiva\/general\/publicacio-de-nou-document\/","title":{"rendered":"Publicaci\u00f3 de nou document"},"content":{"rendered":"<p><span data-contrast=\"auto\">S\u2019ha publicat al\u00a0web del Departament d\u2019Educaci\u00f3 i Formaci\u00f3 Professional\u00a0el document\u00a0<\/span><a href=\"https:\/\/educacio.gencat.cat\/ca\/departament\/publicacions\/colleccions\/inclusio\/avaluacio-inclusiva\/\"><span data-contrast=\"none\">L&#8217;avaluaci\u00f3 inclusiva: primera part: marc conceptual<\/span><\/a><span data-contrast=\"auto\">. Elaboraci\u00f3: Climent Gin\u00e9 i Gin\u00e9. Barcelona: Generalitat de Catalunya. Departament d&#8217;Educaci\u00f3 i Formaci\u00f3 Professional.\u00a0<\/span><span data-ccp-props=\"{}\">\u00a0<\/span><\/p>\n<p><span data-contrast=\"auto\">El document \u00e9s el primer d\u2019una col\u00b7lecci\u00f3 de tres que s\u2019emmarca en\u00a0<\/span><b><span data-contrast=\"auto\">el pas de l\u2019avaluaci\u00f3 psicopedag\u00f2gica a l\u2019avaluaci\u00f3 inclusiva<\/span><\/b><span data-contrast=\"auto\">,\u00a0i\u00a0que forma part\u00a0el full de ruta dels Equips d\u2019assessorament i orientaci\u00f3 psicopedag\u00f2gic (EAP) iniciat el curs 2024-2025\u00a0des de\u00a0la Direcci\u00f3 General d\u2019Educaci\u00f3 Inclusiva i Benestar de l\u2019Alumnat.<\/span><\/p>\n<p><a href=\"https:\/\/projectes.xtec.cat\/educacioinclusiva\/wp-content\/uploads\/usu2065\/2026\/09\/captura-avaluacio-inclusiva.jpg\"><img loading=\"lazy\" decoding=\"async\" class=\"size-full wp-image-10895 aligncenter\" src=\"https:\/\/projectes.xtec.cat\/educacioinclusiva\/wp-content\/uploads\/usu2065\/2026\/09\/captura-avaluacio-inclusiva.jpg\" alt=\"Portada del nou document de l'avaluaci\u00f3 inclusiva\" width=\"467\" height=\"640\" srcset=\"https:\/\/projectes.xtec.cat\/educacioinclusiva\/wp-content\/uploads\/usu2065\/2026\/09\/captura-avaluacio-inclusiva.jpg 467w, https:\/\/projectes.xtec.cat\/educacioinclusiva\/wp-content\/uploads\/usu2065\/2026\/09\/captura-avaluacio-inclusiva-219x300.jpg 219w\" sizes=\"auto, (max-width: 467px) 100vw, 467px\" \/><\/a><\/p>\n","protected":false},"excerpt":{"rendered":"<p>S\u2019ha publicat al\u00a0web del Departament d\u2019Educaci\u00f3 i Formaci\u00f3 Professional\u00a0el document\u00a0<a href=\"https:\/\/educacio.gencat.cat\/ca\/departament\/publicacions\/colleccions\/inclusio\/avaluacio-inclusiva\/\">L&#8217;avaluaci\u00f3 inclusiva: primera part: marc conceptual<\/a>. Elaboraci\u00f3: Climent Gin\u00e9 i Gin\u00e9. Barcelona: Generalitat de Catalunya. Departament d&#8217;Educaci\u00f3 i Formaci\u00f3 Professional.\u00a0\u00a0<br \/>\nEl document \u00e9s el primer d\u2019una col\u00b7lecci\u00f3 de tres que s\u2019emmarca en\u00a0el pas de l\u2019avaluaci\u00f3 psicopedag\u00f2gica&hellip;  <a href=\"https:\/\/projectes.xtec.cat\/educacioinclusiva\/general\/publicacio-de-nou-document\/\" title=\"Read Publicaci\u00f3 de nou document\">Llegeix m\u00e9s\u00bb<\/a><\/p>\n","protected":false},"author":28,"featured_media":10895,"comment_status":"closed","ping_status":"open","sticky":false,"template":"","format":"standard","meta":{"_bbp_topic_count":0,"_bbp_reply_count":0,"_bbp_total_topic_count":0,"_bbp_total_reply_count":0,"_bbp_voice_count":0,"_bbp_anonymous_reply_count":0,"_bbp_topic_count_hidden":0,"_bbp_reply_count_hidden":0,"_bbp_forum_subforum_count":0,"footnotes":""},"categories":[1,29],"tags":[],"class_list":["post-10894","post","type-post","status-publish","format-standard","has-post-thumbnail","hentry","category-general","category-portada"],"post_mailing_queue_ids":[],"_links":{"self":[{"href":"https:\/\/projectes.xtec.cat\/educacioinclusiva\/wp-json\/wp\/v2\/posts\/10894","targetHints":{"allow":["GET"]}}],"collection":[{"href":"https:\/\/projectes.xtec.cat\/educacioinclusiva\/wp-json\/wp\/v2\/posts"}],"about":[{"href":"https:\/\/projectes.xtec.cat\/educacioinclusiva\/wp-json\/wp\/v2\/types\/post"}],"author":[{"embeddable":true,"href":"https:\/\/projectes.xtec.cat\/educacioinclusiva\/wp-json\/wp\/v2\/users\/28"}],"replies":[{"embeddable":true,"href":"https:\/\/projectes.xtec.cat\/educacioinclusiva\/wp-json\/wp\/v2\/comments?post=10894"}],"version-history":[{"count":4,"href":"https:\/\/projectes.xtec.cat\/educacioinclusiva\/wp-json\/wp\/v2\/posts\/10894\/revisions"}],"predecessor-version":[{"id":10899,"href":"https:\/\/projectes.xtec.cat\/educacioinclusiva\/wp-json\/wp\/v2\/posts\/10894\/revisions\/10899"}],"wp:featuredmedia":[{"embeddable":true,"href":"https:\/\/projectes.xtec.cat\/educacioinclusiva\/wp-json\/wp\/v2\/media\/10895"}],"wp:attachment":[{"href":"https:\/\/projectes.xtec.cat\/educacioinclusiva\/wp-json\/wp\/v2\/media?parent=10894"}],"wp:term":[{"taxonomy":"category","embeddable":true,"href":"https:\/\/projectes.xtec.cat\/educacioinclusiva\/wp-json\/wp\/v2\/categories?post=10894"},{"taxonomy":"post_tag","embeddable":true,"href":"https:\/\/projectes.xtec.cat\/educacioinclusiva\/wp-json\/wp\/v2\/tags?post=10894"}],"curies":[{"name":"wp","href":"https:\/\/api.w.org\/{rel}","templated":true}]}}