{"id":8576,"date":"2020-06-22T13:18:10","date_gmt":"2020-06-22T11:18:10","guid":{"rendered":"https:\/\/projectes.xtec.cat\/educacioinclusiva\/?p=8576"},"modified":"2020-10-22T12:30:38","modified_gmt":"2020-10-22T10:30:38","slug":"el-siei-un-suport-per-a-tot-el-centre-educatiu","status":"publish","type":"post","link":"https:\/\/projectes.xtec.cat\/educacioinclusiva\/portada\/el-siei-un-suport-per-a-tot-el-centre-educatiu\/","title":{"rendered":"El SIEI, un suport per a tot el centre educatiu"},"content":{"rendered":"<p><iframe loading=\"lazy\" src=\"https:\/\/docs.google.com\/presentation\/d\/e\/2PACX-1vQX-YdosuH4zBnBxmq1Av4EY6vzfOaKpiPqof_dLUbid_WyFQork71gn2q7HDw5wYTLwziQHLF64CkW\/embed?start=false&amp;loop=false&amp;delayms=30000\" width=\"627\" height=\"569\" frameborder=\"0\"><\/iframe><\/p>\n<blockquote><p><a href=\"https:\/\/drive.google.com\/file\/d\/1G6-bEwX1lqOy8BXv_kvaXQn9Szw7pAU3\/view?usp=sharing\" target=\"_blank\" rel=\"noopener noreferrer\">Infografia en PDF<\/a><\/p><\/blockquote>\n<p>El SIEI, suport intensiu a l&#8217;escolaritzaci\u00f3 inclusiva, s\u00f3n dotacions extraordin\u00e0ries de professionals que incorporen a les plantilles com a recursos intensius i conjunturals, que es sumen als recursos d&#8217;atenci\u00f3 a la diversitat universals i addicionals que els centres ja disposen.<\/p>\n<p>Si sou d&#8217;un centre que incorpora el SIEI i voleu m\u00e9s informaci\u00f3 us recomanem el <a href=\"https:\/\/drive.google.com\/file\/d\/173xWe2Gv7NxFt9QNg_L_C5bj6QwbEjX4\/view?usp=sharing\" target=\"_blank\" rel=\"noopener noreferrer\"><strong>Document de treball i an\u00e0lisi per a l&#8217;organitzaci\u00f3 i implementaci\u00f3 del SIEI a un centre educatiu<\/strong><\/a>.<\/p>\n<p>&nbsp;<\/p>\n","protected":false},"excerpt":{"rendered":"<p><a href=\"https:\/\/drive.google.com\/file\/d\/1G6-bEwX1lqOy8BXv_kvaXQn9Szw7pAU3\/view?usp=sharing\" target=\"_blank\" rel=\"noopener noreferrer\">Infografia en PDF<\/a><br \/>\nEl SIEI, suport intensiu a l&#8217;escolaritzaci\u00f3 inclusiva, s\u00f3n dotacions extraordin\u00e0ries de professionals que incorporen a les plantilles com a recursos intensius i conjunturals, que es sumen als recursos d&#8217;atenci\u00f3 a la diversitat universals i addicionals que els centres ja&hellip;  <a href=\"https:\/\/projectes.xtec.cat\/educacioinclusiva\/portada\/el-siei-un-suport-per-a-tot-el-centre-educatiu\/\" title=\"Read El SIEI, un suport per a tot el centre educatiu\">Llegeix m\u00e9s\u00bb<\/a><\/p>\n","protected":false},"author":4,"featured_media":8577,"comment_status":"closed","ping_status":"closed","sticky":false,"template":"","format":"standard","meta":{"_bbp_topic_count":0,"_bbp_reply_count":0,"_bbp_total_topic_count":0,"_bbp_total_reply_count":0,"_bbp_voice_count":0,"_bbp_anonymous_reply_count":0,"_bbp_topic_count_hidden":0,"_bbp_reply_count_hidden":0,"_bbp_forum_subforum_count":0,"footnotes":""},"categories":[321,29,307,330],"tags":[],"class_list":["post-8576","post","type-post","status-publish","format-standard","has-post-thumbnail","hentry","category-infografies","category-portada","category-siei","category-suports-intensius"],"post_mailing_queue_ids":[],"_links":{"self":[{"href":"https:\/\/projectes.xtec.cat\/educacioinclusiva\/wp-json\/wp\/v2\/posts\/8576","targetHints":{"allow":["GET"]}}],"collection":[{"href":"https:\/\/projectes.xtec.cat\/educacioinclusiva\/wp-json\/wp\/v2\/posts"}],"about":[{"href":"https:\/\/projectes.xtec.cat\/educacioinclusiva\/wp-json\/wp\/v2\/types\/post"}],"author":[{"embeddable":true,"href":"https:\/\/projectes.xtec.cat\/educacioinclusiva\/wp-json\/wp\/v2\/users\/4"}],"replies":[{"embeddable":true,"href":"https:\/\/projectes.xtec.cat\/educacioinclusiva\/wp-json\/wp\/v2\/comments?post=8576"}],"version-history":[{"count":3,"href":"https:\/\/projectes.xtec.cat\/educacioinclusiva\/wp-json\/wp\/v2\/posts\/8576\/revisions"}],"predecessor-version":[{"id":8675,"href":"https:\/\/projectes.xtec.cat\/educacioinclusiva\/wp-json\/wp\/v2\/posts\/8576\/revisions\/8675"}],"wp:featuredmedia":[{"embeddable":true,"href":"https:\/\/projectes.xtec.cat\/educacioinclusiva\/wp-json\/wp\/v2\/media\/8577"}],"wp:attachment":[{"href":"https:\/\/projectes.xtec.cat\/educacioinclusiva\/wp-json\/wp\/v2\/media?parent=8576"}],"wp:term":[{"taxonomy":"category","embeddable":true,"href":"https:\/\/projectes.xtec.cat\/educacioinclusiva\/wp-json\/wp\/v2\/categories?post=8576"},{"taxonomy":"post_tag","embeddable":true,"href":"https:\/\/projectes.xtec.cat\/educacioinclusiva\/wp-json\/wp\/v2\/tags?post=8576"}],"curies":[{"name":"wp","href":"https:\/\/api.w.org\/{rel}","templated":true}]}}