{"id":8619,"date":"2020-07-07T09:24:06","date_gmt":"2020-07-07T07:24:06","guid":{"rendered":"https:\/\/projectes.xtec.cat\/educacioinclusiva\/?p=8619"},"modified":"2020-07-07T15:14:31","modified_gmt":"2020-07-07T13:14:31","slug":"que-passa-al-meu-cervell-i-al-meu-cor-acompanyam","status":"publish","type":"post","link":"https:\/\/projectes.xtec.cat\/educacioinclusiva\/general\/que-passa-al-meu-cervell-i-al-meu-cor-acompanyam\/","title":{"rendered":"&#8220;Qu\u00e8 passa al meu cervell? I al meu cor? Acompanya&#8217;m&#8221;"},"content":{"rendered":"<p>&#8220;Qu\u00e8 passa al meu cervell? I al meu cor? Acompanya&#8217;m&#8221; t\u00e9 per objectiu entendre com el cervell guardar\u00e0 a la mem\u00f2ria tot el que estem vivint aquests dies i pensar en una acollida \u00f2ptima dels nostres alumnes a la tornada. Alterna informaci\u00f3 que des de la neuroci\u00e8ncia ens pot ser \u00fatil i l\u2019aplicaci\u00f3 a les aules des de la mirada psicopedag\u00f2gica. La Saray G\u00f3mez, coordinadora d&#8217;inclusi\u00f3 i educaci\u00f3 al llarg de la vida als Serveis Territorials a la Catalunya Central i la Maria Navarrete, educadora en neuroci\u00e8ncia i educaci\u00f3 emocional, s\u2019alternen per donar-nos eines per l\u2019acompanyament. Amb aix\u00f2 han volgut aportar el seu granet de sorra per tal d&#8217;acompanyar als docents, fam\u00edlies, serveis espec\u00edfics, personal PAS&#8230;<\/p>\n<p><iframe loading=\"lazy\" title=\"ACOMPANYA&#039;M\" width=\"500\" height=\"281\" src=\"https:\/\/www.youtube.com\/embed\/kn_wTK4aqtI?feature=oembed\" frameborder=\"0\" allow=\"accelerometer; autoplay; clipboard-write; encrypted-media; gyroscope; picture-in-picture; web-share\" referrerpolicy=\"strict-origin-when-cross-origin\" allowfullscreen><\/iframe><\/p>\n","protected":false},"excerpt":{"rendered":"<p>&#8220;Qu\u00e8 passa al meu cervell? I al meu cor? Acompanya&#8217;m&#8221; t\u00e9 per objectiu entendre com el cervell guardar\u00e0 a la mem\u00f2ria tot el que estem vivint aquests dies i pensar en una acollida \u00f2ptima dels nostres alumnes a la tornada. Alterna informaci\u00f3 que des de&hellip;  <a href=\"https:\/\/projectes.xtec.cat\/educacioinclusiva\/general\/que-passa-al-meu-cervell-i-al-meu-cor-acompanyam\/\" title=\"Read &#8220;Qu\u00e8 passa al meu cervell? I al meu cor? Acompanya&#8217;m&#8221;\">Llegeix m\u00e9s\u00bb<\/a><\/p>\n","protected":false},"author":1,"featured_media":8623,"comment_status":"open","ping_status":"closed","sticky":false,"template":"","format":"standard","meta":{"_bbp_topic_count":0,"_bbp_reply_count":0,"_bbp_total_topic_count":0,"_bbp_total_reply_count":0,"_bbp_voice_count":0,"_bbp_anonymous_reply_count":0,"_bbp_topic_count_hidden":0,"_bbp_reply_count_hidden":0,"_bbp_forum_subforum_count":0,"footnotes":""},"categories":[1,76,326],"tags":[327],"class_list":["post-8619","post","type-post","status-publish","format-standard","has-post-thumbnail","hentry","category-general","category-recursos","category-retorn","tag-retorn-als-centres"],"post_mailing_queue_ids":[],"_links":{"self":[{"href":"https:\/\/projectes.xtec.cat\/educacioinclusiva\/wp-json\/wp\/v2\/posts\/8619","targetHints":{"allow":["GET"]}}],"collection":[{"href":"https:\/\/projectes.xtec.cat\/educacioinclusiva\/wp-json\/wp\/v2\/posts"}],"about":[{"href":"https:\/\/projectes.xtec.cat\/educacioinclusiva\/wp-json\/wp\/v2\/types\/post"}],"author":[{"embeddable":true,"href":"https:\/\/projectes.xtec.cat\/educacioinclusiva\/wp-json\/wp\/v2\/users\/1"}],"replies":[{"embeddable":true,"href":"https:\/\/projectes.xtec.cat\/educacioinclusiva\/wp-json\/wp\/v2\/comments?post=8619"}],"version-history":[{"count":3,"href":"https:\/\/projectes.xtec.cat\/educacioinclusiva\/wp-json\/wp\/v2\/posts\/8619\/revisions"}],"predecessor-version":[{"id":8624,"href":"https:\/\/projectes.xtec.cat\/educacioinclusiva\/wp-json\/wp\/v2\/posts\/8619\/revisions\/8624"}],"wp:featuredmedia":[{"embeddable":true,"href":"https:\/\/projectes.xtec.cat\/educacioinclusiva\/wp-json\/wp\/v2\/media\/8623"}],"wp:attachment":[{"href":"https:\/\/projectes.xtec.cat\/educacioinclusiva\/wp-json\/wp\/v2\/media?parent=8619"}],"wp:term":[{"taxonomy":"category","embeddable":true,"href":"https:\/\/projectes.xtec.cat\/educacioinclusiva\/wp-json\/wp\/v2\/categories?post=8619"},{"taxonomy":"post_tag","embeddable":true,"href":"https:\/\/projectes.xtec.cat\/educacioinclusiva\/wp-json\/wp\/v2\/tags?post=8619"}],"curies":[{"name":"wp","href":"https:\/\/api.w.org\/{rel}","templated":true}]}}