{"id":8627,"date":"2020-07-09T12:41:13","date_gmt":"2020-07-09T10:41:13","guid":{"rendered":"https:\/\/projectes.xtec.cat\/educacioinclusiva\/?p=8627"},"modified":"2020-07-09T13:43:37","modified_gmt":"2020-07-09T11:43:37","slug":"10-anys-daules-dhospitals-de-dia-dadolescents","status":"publish","type":"post","link":"https:\/\/projectes.xtec.cat\/educacioinclusiva\/general\/10-anys-daules-dhospitals-de-dia-dadolescents\/","title":{"rendered":"10 anys d&#8217;aules d&#8217;hospitals de dia d&#8217;adolescents"},"content":{"rendered":"<p><a href=\"https:\/\/projectes.xtec.cat\/educacioinclusiva\/wp-content\/uploads\/usu2065\/2020\/07\/HDA.jpg\"><img loading=\"lazy\" decoding=\"async\" class=\"aligncenter size-full wp-image-8628\" src=\"https:\/\/projectes.xtec.cat\/educacioinclusiva\/wp-content\/uploads\/usu2065\/2020\/07\/HDA.jpg\" alt=\"\" width=\"1198\" height=\"470\" srcset=\"https:\/\/projectes.xtec.cat\/educacioinclusiva\/wp-content\/uploads\/usu2065\/2020\/07\/HDA.jpg 1198w, https:\/\/projectes.xtec.cat\/educacioinclusiva\/wp-content\/uploads\/usu2065\/2020\/07\/HDA-300x118.jpg 300w, https:\/\/projectes.xtec.cat\/educacioinclusiva\/wp-content\/uploads\/usu2065\/2020\/07\/HDA-768x301.jpg 768w, https:\/\/projectes.xtec.cat\/educacioinclusiva\/wp-content\/uploads\/usu2065\/2020\/07\/HDA-1024x402.jpg 1024w\" sizes=\"auto, (max-width: 1198px) 100vw, 1198px\" \/><\/a><\/p>\n<p><strong>Isabel Arenas Ponsa<\/strong>, docent de l\u2019Aula d\u2019Hospital de Dia d\u2019Adolescents de Matar\u00f3 del Departament d\u2019Educaci\u00f3\u00a0a Hospital de Matar\u00f3, <strong>Marina Batlle Ballana<\/strong>, coordinadora de Serveis Educatius i Formaci\u00f3 Permanent dels Serveis Territorials MVO (Maresme Vall\u00e8s Oriental) del Departament d\u2019Educaci\u00f3, <strong>Rosa Maria Belana Vallcaneras<\/strong>, docent de l\u2019Aula d\u2019Hospital de Dia d\u2019Adolescents de Granollers del Departament d\u2019Educaci\u00f3 a Hospital Sant Joan de D\u00e9u i <strong>Sofia PicadoYa\u00f1ez<\/strong>, docent de l\u2019Aula d\u2019Hospital de Dia d\u2019Adolescents de Mollet del Departament d\u2019Educaci\u00f3 de l&#8217;Hospital Sant Joan de D\u00e9u s\u00f3n les autores d&#8217;aquest article sobre les aules d&#8217;hospitals de dia per a adolescents<\/p>\n<p><a href=\"https:\/\/projectes.xtec.cat\/educacioinclusiva\/wp-content\/uploads\/usu2065\/2020\/07\/Article-10-anys-salut-mental.pdf\" target=\"_blank\" rel=\"noopener noreferrer\">L&#8217;article<\/a> pret\u00e9n descriure les reflexions pedag\u00f2giques de les docents dels Hospitals de Dia (HDA) de la zona de Maresme Vall\u00e8s Oriental aprofitant la conjuntura dels 10 anys des que es va obrir l\u2019HDA de Granollers. S\u2019intenta fer pal\u00e8s aquells elements m\u00e9s constructius i afavoridors de la revinculaci\u00f3 dels nostres alumnes amb els seus centres escolars, remarcant la import\u00e0ncia de la mirada i l\u2019optimisme pedag\u00f2gic en l\u2019abordatge educatiu.<\/p>\n<p><span style=\"color: #0b5394; font-family: verdana, sans-serif;\"> <a href=\"https:\/\/projectes.xtec.cat\/educacioinclusiva\/wp-content\/uploads\/usu2065\/2020\/07\/Article-10-anys-salut-mental.pdf\">Article: 10 anys d&#8217;aules d&#8217;hospital de dia d&#8217;adolescents<\/a><\/span><\/p>\n","protected":false},"excerpt":{"rendered":"<p><a href=\"https:\/\/projectes.xtec.cat\/educacioinclusiva\/wp-content\/uploads\/usu2065\/2020\/07\/HDA.jpg\"><\/a><br \/>\nIsabel Arenas Ponsa, docent de l\u2019Aula d\u2019Hospital de Dia d\u2019Adolescents de Matar\u00f3 del Departament d\u2019Educaci\u00f3\u00a0a Hospital de Matar\u00f3, Marina Batlle Ballana, coordinadora de Serveis Educatius i Formaci\u00f3 Permanent dels Serveis Territorials MVO (Maresme Vall\u00e8s Oriental) del Departament d\u2019Educaci\u00f3, Rosa Maria Belana Vallcaneras, docent de&hellip;  <a href=\"https:\/\/projectes.xtec.cat\/educacioinclusiva\/general\/10-anys-daules-dhospitals-de-dia-dadolescents\/\" title=\"Read 10 anys d&#8217;aules d&#8217;hospitals de dia d&#8217;adolescents\">Llegeix m\u00e9s\u00bb<\/a><\/p>\n","protected":false},"author":4,"featured_media":8628,"comment_status":"closed","ping_status":"closed","sticky":false,"template":"","format":"standard","meta":{"_bbp_topic_count":0,"_bbp_reply_count":0,"_bbp_total_topic_count":0,"_bbp_total_reply_count":0,"_bbp_voice_count":0,"_bbp_anonymous_reply_count":0,"_bbp_topic_count_hidden":0,"_bbp_reply_count_hidden":0,"_bbp_forum_subforum_count":0,"footnotes":""},"categories":[1,306,29,310],"tags":[],"class_list":["post-8627","post","type-post","status-publish","format-standard","has-post-thumbnail","hentry","category-general","category-hd","category-portada","category-suport_inclusio"],"post_mailing_queue_ids":[],"_links":{"self":[{"href":"https:\/\/projectes.xtec.cat\/educacioinclusiva\/wp-json\/wp\/v2\/posts\/8627","targetHints":{"allow":["GET"]}}],"collection":[{"href":"https:\/\/projectes.xtec.cat\/educacioinclusiva\/wp-json\/wp\/v2\/posts"}],"about":[{"href":"https:\/\/projectes.xtec.cat\/educacioinclusiva\/wp-json\/wp\/v2\/types\/post"}],"author":[{"embeddable":true,"href":"https:\/\/projectes.xtec.cat\/educacioinclusiva\/wp-json\/wp\/v2\/users\/4"}],"replies":[{"embeddable":true,"href":"https:\/\/projectes.xtec.cat\/educacioinclusiva\/wp-json\/wp\/v2\/comments?post=8627"}],"version-history":[{"count":3,"href":"https:\/\/projectes.xtec.cat\/educacioinclusiva\/wp-json\/wp\/v2\/posts\/8627\/revisions"}],"predecessor-version":[{"id":8633,"href":"https:\/\/projectes.xtec.cat\/educacioinclusiva\/wp-json\/wp\/v2\/posts\/8627\/revisions\/8633"}],"wp:featuredmedia":[{"embeddable":true,"href":"https:\/\/projectes.xtec.cat\/educacioinclusiva\/wp-json\/wp\/v2\/media\/8628"}],"wp:attachment":[{"href":"https:\/\/projectes.xtec.cat\/educacioinclusiva\/wp-json\/wp\/v2\/media?parent=8627"}],"wp:term":[{"taxonomy":"category","embeddable":true,"href":"https:\/\/projectes.xtec.cat\/educacioinclusiva\/wp-json\/wp\/v2\/categories?post=8627"},{"taxonomy":"post_tag","embeddable":true,"href":"https:\/\/projectes.xtec.cat\/educacioinclusiva\/wp-json\/wp\/v2\/tags?post=8627"}],"curies":[{"name":"wp","href":"https:\/\/api.w.org\/{rel}","templated":true}]}}