{"id":8638,"date":"2020-07-21T08:39:50","date_gmt":"2020-07-21T06:39:50","guid":{"rendered":"https:\/\/projectes.xtec.cat\/educacioinclusiva\/?p=8638"},"modified":"2020-07-21T16:58:25","modified_gmt":"2020-07-21T14:58:25","slug":"tallers-de-prevencio-de-violencies-masclistes","status":"publish","type":"post","link":"https:\/\/projectes.xtec.cat\/educacioinclusiva\/portada\/tallers-de-prevencio-de-violencies-masclistes\/","title":{"rendered":"Tallers de prevenci\u00f3 de viol\u00e8ncies masclistes"},"content":{"rendered":"<p><a href=\"https:\/\/projectes.xtec.cat\/educacioinclusiva\/wp-content\/uploads\/usu2065\/2020\/07\/Revoluciona-genere.jpg\"><img loading=\"lazy\" decoding=\"async\" class=\"wp-image-8639 size-medium aligncenter\" src=\"https:\/\/projectes.xtec.cat\/educacioinclusiva\/wp-content\/uploads\/usu2065\/2020\/07\/Revoluciona-genere-300x223.jpg\" alt=\"Revoluciona el g\u00e8nere\" width=\"300\" height=\"223\" srcset=\"https:\/\/projectes.xtec.cat\/educacioinclusiva\/wp-content\/uploads\/usu2065\/2020\/07\/Revoluciona-genere-300x223.jpg 300w, https:\/\/projectes.xtec.cat\/educacioinclusiva\/wp-content\/uploads\/usu2065\/2020\/07\/Revoluciona-genere-768x571.jpg 768w, https:\/\/projectes.xtec.cat\/educacioinclusiva\/wp-content\/uploads\/usu2065\/2020\/07\/Revoluciona-genere-200x150.jpg 200w, https:\/\/projectes.xtec.cat\/educacioinclusiva\/wp-content\/uploads\/usu2065\/2020\/07\/Revoluciona-genere.jpg 782w\" sizes=\"auto, (max-width: 300px) 100vw, 300px\" \/><\/a><\/p>\n<p>Des del Departament d&#8217;Educaci\u00f3 la coeducaci\u00f3 i la prevenci\u00f3 de les viol\u00e8ncies masclistes s\u00f3n abordades des del\u00a0\u00a0<strong>Programa Coeduca&#8217;t amb el curr\u00edculum<\/strong>.\u00a0Aquest programa t\u00e9 com a objectiu ajudar els centres educatius d\u2019infantil, prim\u00e0ria, educaci\u00f3 secund\u00e0ria obligat\u00f2ria a treballar de forma expl\u00edcita, sistem\u00e0tica, rigorosa i respectuosa, aspectes b\u00e0sics de coeducaci\u00f3, perspectiva de g\u00e8nere i sexualitat. Tanmateix, la tasca de prevenci\u00f3 de les viol\u00e8ncies a la preadolesc\u00e8ncia i l&#8217;adolesc\u00e8ncia, com a complement del\u00a0<strong>Programa Coeduca&#8217;t amb el curr\u00edculum<\/strong>, \u00e9s impulsada des del\u00a0<a href=\"http:\/\/xtec.gencat.cat\/ca\/centres\/projeducatiu\/convivencia\/prog-form-prev-violencia-masclista\/families\/\" target=\"_blank\" rel=\"noopener noreferrer\" data-saferedirecturl=\"https:\/\/www.google.com\/url?q=http:\/\/xtec.gencat.cat\/ca\/centres\/projeducatiu\/convivencia\/prog-form-prev-violencia-masclista\/families\/&amp;source=gmail&amp;ust=1595427751607000&amp;usg=AFQjCNHeuKszFV4eYBCZHf2IzfEEMLI2Zg\">Programa formatiu de prevenci\u00f3 de la viol\u00e8ncia masclista<\/a>, del Departament d&#8217;Educaci\u00f3, l&#8217;objectiu del qual\u00a0\u00e9s dotar l\u2019alumnat i les fam\u00edlies, i tamb\u00e9 les i els docents, d\u2019eines i recursos que els permetin identificar i abordar la viol\u00e8ncia masclista, a segon cicle de prim\u00e0ria i a l\u2019ensenyament secundari.<\/p>\n<p>Enguany, tamb\u00e9 s&#8217;ofereixen als centres educatius els tallers de prevenci\u00f3 de viol\u00e8ncies masclistes de l&#8217;Ag\u00e8ncia Catalana de Joventut.<\/p>\n<p><strong>Revoluciona el g\u00e8nere<\/strong><\/p>\n<p>L&#8217;Ag\u00e8ncia Catalana de Joventut ofereix per segon any consecutiu els tallers de prevenci\u00f3 de viol\u00e8ncies masclistes a instituts i altres centres educatius de Catalunya amb l\u2019objectiu de facilitar eines i recursos per abordar les desigualtats de g\u00e8nere i les viol\u00e8ncies associades en l\u2019\u00e0mbit educatiu. Les inscripcions estan obertes fins al 30 de setembre.<\/p>\n<p>Els tallers, adre\u00e7ats a persones joves a partir de 15 anys, estan pensats per reduir els comportaments, les actituds i els valors masclistes de les persones joves. Per tal d\u2019assolir l\u2019objectiu es far\u00e0 un treball conjunt entre el centre educatiu, el professorat, l\u2019alumnat i les fam\u00edlies en la prevenci\u00f3 de les viol\u00e8ncies de g\u00e8nere. En aquest proc\u00e9s, \u00e9s b\u00e0sic el comprom\u00eds del professorat i del centre educatiu i per aquest motiu tamb\u00e9 rebran formaci\u00f3, assessorament i acompanyament.<\/p>\n<p>L\u2019\u00e0mbit educatiu, i el treball conjunt amb la gent jove, \u00e9s un espai fonamental d\u2019actuaci\u00f3 per erradicar aquest fenomen i lluitar contra els estereotips i les desigualtats de g\u00e8nere, les relacions de poder, les viol\u00e8ncies masclistes&#8230; i construir relacions m\u00e9s justes, equitatives i lliures.<\/p>\n<p><strong>Fases del programa<\/strong><br \/>\nDurant els mesos de setembre a desembre de 2020 es posa en marxa la primera fase del programa en qu\u00e8 es fa una formaci\u00f3 a tot el claustre i una trobada amb el professorat de refer\u00e8ncia de les aules que rebran els tallers, per explicar els objectius, els requisits i els continguts que es treballaran.<\/p>\n<p>En una segona fase, de gener a maig de 2021, es faran els tallers a l\u2019aula. Es faran 3 sessions amb l&#8217;alumnat on es buscar\u00e0 la reflexi\u00f3 i el debat a trav\u00e9s d\u2019activitats i eines din\u00e0miques. Durant aquest per\u00edode tamb\u00e9 es poden fer sessions formatives de sensibilitzaci\u00f3 amb el professorat, amb les fam\u00edlies i assessorament per organitzar accions amb l\u2019alumnat.<\/p>\n<p>El tancament del programa conclou amb una reuni\u00f3 de trasp\u00e0s amb el professorat i amb un informe final.<\/p>\n<p><strong>Les inscripcions estaran obertes fins al 30 de setembre de 2020.<\/strong><\/p>\n<p><a href=\"https:\/\/projectes.xtec.cat\/educacioinclusiva\/portada\/tallers-de-prevencio-de-violencies-masclistes\/attachment\/programa-revoluciona-el-genere-2020-21\/\" rel=\"attachment wp-att-8646\">Programa Revoluciona el g\u00e8nere 2020-21<\/a><\/p>\n<p><i><b><a href=\"https:\/\/forms.office.com\/Pages\/ResponsePage.aspx?id=DQSIkWdsW0yxEjajBLZtrQAAAAAAAAAAAAa__ZHJK5hUOU1LUDYzNlE1TUxRTldSOEhWSU8zUzlISC4u\" target=\"_blank\" rel=\"noopener noreferrer\">Enlla\u00e7 al formulari d&#8217;inscripci\u00f3<\/a><\/b><\/i><\/p>\n<p>&nbsp;<\/p>\n","protected":false},"excerpt":{"rendered":"<p><a href=\"https:\/\/projectes.xtec.cat\/educacioinclusiva\/wp-content\/uploads\/usu2065\/2020\/07\/Revoluciona-genere.jpg\"><\/a><br \/>\nDes del Departament d&#8217;Educaci\u00f3 la coeducaci\u00f3 i la prevenci\u00f3 de les viol\u00e8ncies masclistes s\u00f3n abordades des del\u00a0\u00a0Programa Coeduca&#8217;t amb el curr\u00edculum.\u00a0Aquest programa t\u00e9 com a objectiu ajudar els centres educatius d\u2019infantil, prim\u00e0ria, educaci\u00f3 secund\u00e0ria obligat\u00f2ria a treballar de forma expl\u00edcita, sistem\u00e0tica, rigorosa i respectuosa,&hellip;  <a href=\"https:\/\/projectes.xtec.cat\/educacioinclusiva\/portada\/tallers-de-prevencio-de-violencies-masclistes\/\" title=\"Read Tallers de prevenci\u00f3 de viol\u00e8ncies masclistes\">Llegeix m\u00e9s\u00bb<\/a><\/p>\n","protected":false},"author":4,"featured_media":8639,"comment_status":"closed","ping_status":"closed","sticky":false,"template":"","format":"standard","meta":{"_bbp_topic_count":0,"_bbp_reply_count":0,"_bbp_total_topic_count":0,"_bbp_total_reply_count":0,"_bbp_voice_count":0,"_bbp_anonymous_reply_count":0,"_bbp_topic_count_hidden":0,"_bbp_reply_count_hidden":0,"_bbp_forum_subforum_count":0,"footnotes":""},"categories":[317,154,29,308],"tags":[],"class_list":["post-8638","post","type-post","status-publish","format-standard","has-post-thumbnail","hentry","category-igualtat","category-formacio","category-portada","category-projectes"],"post_mailing_queue_ids":[],"_links":{"self":[{"href":"https:\/\/projectes.xtec.cat\/educacioinclusiva\/wp-json\/wp\/v2\/posts\/8638","targetHints":{"allow":["GET"]}}],"collection":[{"href":"https:\/\/projectes.xtec.cat\/educacioinclusiva\/wp-json\/wp\/v2\/posts"}],"about":[{"href":"https:\/\/projectes.xtec.cat\/educacioinclusiva\/wp-json\/wp\/v2\/types\/post"}],"author":[{"embeddable":true,"href":"https:\/\/projectes.xtec.cat\/educacioinclusiva\/wp-json\/wp\/v2\/users\/4"}],"replies":[{"embeddable":true,"href":"https:\/\/projectes.xtec.cat\/educacioinclusiva\/wp-json\/wp\/v2\/comments?post=8638"}],"version-history":[{"count":4,"href":"https:\/\/projectes.xtec.cat\/educacioinclusiva\/wp-json\/wp\/v2\/posts\/8638\/revisions"}],"predecessor-version":[{"id":8647,"href":"https:\/\/projectes.xtec.cat\/educacioinclusiva\/wp-json\/wp\/v2\/posts\/8638\/revisions\/8647"}],"wp:featuredmedia":[{"embeddable":true,"href":"https:\/\/projectes.xtec.cat\/educacioinclusiva\/wp-json\/wp\/v2\/media\/8639"}],"wp:attachment":[{"href":"https:\/\/projectes.xtec.cat\/educacioinclusiva\/wp-json\/wp\/v2\/media?parent=8638"}],"wp:term":[{"taxonomy":"category","embeddable":true,"href":"https:\/\/projectes.xtec.cat\/educacioinclusiva\/wp-json\/wp\/v2\/categories?post=8638"},{"taxonomy":"post_tag","embeddable":true,"href":"https:\/\/projectes.xtec.cat\/educacioinclusiva\/wp-json\/wp\/v2\/tags?post=8638"}],"curies":[{"name":"wp","href":"https:\/\/api.w.org\/{rel}","templated":true}]}}