{"id":8663,"date":"2020-10-16T18:56:30","date_gmt":"2020-10-16T16:56:30","guid":{"rendered":"https:\/\/projectes.xtec.cat\/educacioinclusiva\/?p=8663"},"modified":"2020-10-18T16:39:47","modified_gmt":"2020-10-18T14:39:47","slug":"participa-al-videoclip-collectiu-cantem-el-boto-magic","status":"publish","type":"post","link":"https:\/\/projectes.xtec.cat\/educacioinclusiva\/general\/participa-al-videoclip-collectiu-cantem-el-boto-magic\/","title":{"rendered":"Videoclip col\u00b7lectiu &#8220;Cantem El Bot\u00f3 M\u00e0gic&#8221;"},"content":{"rendered":"<p><a href=\"https:\/\/projectes.xtec.cat\/educacioinclusiva\/wp-content\/uploads\/usu2065\/2020\/10\/Captura-de-pantalla-2020-10-16-a-las-18.50.30-1.png\"><img loading=\"lazy\" decoding=\"async\" class=\"size-full wp-image-8665 alignright\" src=\"https:\/\/projectes.xtec.cat\/educacioinclusiva\/wp-content\/uploads\/usu2065\/2020\/10\/Captura-de-pantalla-2020-10-16-a-las-18.50.30-1.png\" alt=\"\" width=\"357\" height=\"199\" srcset=\"https:\/\/projectes.xtec.cat\/educacioinclusiva\/wp-content\/uploads\/usu2065\/2020\/10\/Captura-de-pantalla-2020-10-16-a-las-18.50.30-1.png 357w, https:\/\/projectes.xtec.cat\/educacioinclusiva\/wp-content\/uploads\/usu2065\/2020\/10\/Captura-de-pantalla-2020-10-16-a-las-18.50.30-1-300x167.png 300w\" sizes=\"auto, (max-width: 357px) 100vw, 357px\" \/><\/a><\/p>\n<p>El dia 3 de desembre \u00e9s el\u00a0 <strong>Dia Internacional de les Persones amb Discapacitat 2020 <\/strong>i per celebrar-ho <strong>ASPASIM<\/strong> ens proposa participar en el <strong>videoclip col\u00b7lectiu en llengua de signes catalana &#8220;Cantem El Bot\u00f3 M\u00e0gic&#8221;.<\/strong><\/p>\n<p>Enregistreu el vostre v\u00eddeo de la can\u00e7\u00f3 o la tornada de &#8220;El Bot\u00f3 M\u00e0gic&#8221; en llengua de signes catalana i feu-lo arribar a trav\u00e9s del formulari del <a href=\"https:\/\/aspasim.es\/cantemelbotomagic\/\" target=\"_blank\" rel=\"noopener noreferrer\">web <\/a>abans del 20 de novembre. Podeu compartiu-lo a les xarxes socials utilitzant <strong>#CantemElBot\u00f3M\u00e0gic.<\/strong><\/p>\n<p>Per fer-ho, al web <a href=\"https:\/\/aspasim.es\/cantemelbotomagic\/\" target=\"_blank\" rel=\"noopener noreferrer\">aspasim.com\/cantemelbotomagic<\/a> hi trobareu:<\/p>\n<ul>\n<li>El videoclip de la can\u00e7\u00f3 per emocionar-vos amb els Botons<\/li>\n<li>El tutorial per aprendre la can\u00e7\u00f3 en llengua de signes catalana<\/li>\n<li>Un v\u00eddeo d&#8217;acompanyament per practicar<\/li>\n<li>Consells per gravar el v\u00eddeo<\/li>\n<li>i l&#8217;autoritzaci\u00f3 pels Drets d&#8217;imatge<\/li>\n<\/ul>\n<p>El dia 3 de desembre de 2020 publicaran el videoclip col\u00b7lectiu &#8220;Cantem El Bot\u00f3 M\u00e0gic&#8221;<\/p>\n<p>No hi falteu!<\/p>\n","protected":false},"excerpt":{"rendered":"<p><a href=\"https:\/\/projectes.xtec.cat\/educacioinclusiva\/wp-content\/uploads\/usu2065\/2020\/10\/Captura-de-pantalla-2020-10-16-a-las-18.50.30-1.png\"><\/a><br \/>\nEl dia 3 de desembre \u00e9s el\u00a0 Dia Internacional de les Persones amb Discapacitat 2020 i per celebrar-ho ASPASIM ens proposa participar en el videoclip col\u00b7lectiu en llengua de signes catalana &#8220;Cantem El Bot\u00f3 M\u00e0gic&#8221;.<br \/>\nEnregistreu el vostre v\u00eddeo de la can\u00e7\u00f3 o la tornada&hellip;  <a href=\"https:\/\/projectes.xtec.cat\/educacioinclusiva\/general\/participa-al-videoclip-collectiu-cantem-el-boto-magic\/\" title=\"Read Videoclip col\u00b7lectiu &#8220;Cantem El Bot\u00f3 M\u00e0gic&#8221;\">Llegeix m\u00e9s\u00bb<\/a><\/p>\n","protected":false},"author":28,"featured_media":8665,"comment_status":"closed","ping_status":"closed","sticky":false,"template":"","format":"standard","meta":{"_bbp_topic_count":0,"_bbp_reply_count":0,"_bbp_total_topic_count":0,"_bbp_total_reply_count":0,"_bbp_voice_count":0,"_bbp_anonymous_reply_count":0,"_bbp_topic_count_hidden":0,"_bbp_reply_count_hidden":0,"_bbp_forum_subforum_count":0,"footnotes":""},"categories":[1,29],"tags":[],"class_list":["post-8663","post","type-post","status-publish","format-standard","has-post-thumbnail","hentry","category-general","category-portada"],"post_mailing_queue_ids":[],"_links":{"self":[{"href":"https:\/\/projectes.xtec.cat\/educacioinclusiva\/wp-json\/wp\/v2\/posts\/8663","targetHints":{"allow":["GET"]}}],"collection":[{"href":"https:\/\/projectes.xtec.cat\/educacioinclusiva\/wp-json\/wp\/v2\/posts"}],"about":[{"href":"https:\/\/projectes.xtec.cat\/educacioinclusiva\/wp-json\/wp\/v2\/types\/post"}],"author":[{"embeddable":true,"href":"https:\/\/projectes.xtec.cat\/educacioinclusiva\/wp-json\/wp\/v2\/users\/28"}],"replies":[{"embeddable":true,"href":"https:\/\/projectes.xtec.cat\/educacioinclusiva\/wp-json\/wp\/v2\/comments?post=8663"}],"version-history":[{"count":4,"href":"https:\/\/projectes.xtec.cat\/educacioinclusiva\/wp-json\/wp\/v2\/posts\/8663\/revisions"}],"predecessor-version":[{"id":8674,"href":"https:\/\/projectes.xtec.cat\/educacioinclusiva\/wp-json\/wp\/v2\/posts\/8663\/revisions\/8674"}],"wp:featuredmedia":[{"embeddable":true,"href":"https:\/\/projectes.xtec.cat\/educacioinclusiva\/wp-json\/wp\/v2\/media\/8665"}],"wp:attachment":[{"href":"https:\/\/projectes.xtec.cat\/educacioinclusiva\/wp-json\/wp\/v2\/media?parent=8663"}],"wp:term":[{"taxonomy":"category","embeddable":true,"href":"https:\/\/projectes.xtec.cat\/educacioinclusiva\/wp-json\/wp\/v2\/categories?post=8663"},{"taxonomy":"post_tag","embeddable":true,"href":"https:\/\/projectes.xtec.cat\/educacioinclusiva\/wp-json\/wp\/v2\/tags?post=8663"}],"curies":[{"name":"wp","href":"https:\/\/api.w.org\/{rel}","templated":true}]}}