{"id":8708,"date":"2020-11-21T19:28:10","date_gmt":"2020-11-21T18:28:10","guid":{"rendered":"https:\/\/projectes.xtec.cat\/educacioinclusiva\/?p=8708"},"modified":"2020-11-21T19:33:57","modified_gmt":"2020-11-21T18:33:57","slug":"sumat-al-minut-de-silenci-el-25n","status":"publish","type":"post","link":"https:\/\/projectes.xtec.cat\/educacioinclusiva\/general\/sumat-al-minut-de-silenci-el-25n\/","title":{"rendered":"Suma&#8217;t al minut de silenci el 25N"},"content":{"rendered":"<p>El 25N a les 12h es far\u00e0 un minut de silenci per commemorar el <strong>dia internacional per a l&#8217;eliminaci\u00f3 de la viol\u00e8ncia envers les dones.<\/strong><a href=\"https:\/\/drive.google.com\/file\/d\/1s7tPBVuh7dBH04MMvxDYZOLkVXNzF_V9\/view?usp=sharing\" target=\"_blank\" rel=\"noopener noreferrer\"><img loading=\"lazy\" decoding=\"async\" class=\"aligncenter size-full wp-image-8709\" src=\"https:\/\/projectes.xtec.cat\/educacioinclusiva\/wp-content\/uploads\/usu2065\/2020\/11\/Pictogrames.jpg\" alt=\"\" width=\"1029\" height=\"201\" srcset=\"https:\/\/projectes.xtec.cat\/educacioinclusiva\/wp-content\/uploads\/usu2065\/2020\/11\/Pictogrames.jpg 1029w, https:\/\/projectes.xtec.cat\/educacioinclusiva\/wp-content\/uploads\/usu2065\/2020\/11\/Pictogrames-300x59.jpg 300w, https:\/\/projectes.xtec.cat\/educacioinclusiva\/wp-content\/uploads\/usu2065\/2020\/11\/Pictogrames-768x150.jpg 768w, https:\/\/projectes.xtec.cat\/educacioinclusiva\/wp-content\/uploads\/usu2065\/2020\/11\/Pictogrames-1024x200.jpg 1024w\" sizes=\"auto, (max-width: 1029px) 100vw, 1029px\" \/><\/a><\/p>\n<p>El 25 de novembre nosaltres ens sumem al minut de silenci<\/p>\n<p><strong>Lectura del manifest<\/strong><\/p>\n<!--[if lt IE 9]><script>document.createElement('audio');<\/script><![endif]-->\n<audio class=\"wp-audio-shortcode\" id=\"audio-8708-1\" preload=\"none\" style=\"width: 100%;\" controls=\"controls\"><source type=\"audio\/mpeg\" src=\"https:\/\/projectes.xtec.cat\/educacioinclusiva\/wp-content\/uploads\/usu2065\/2020\/11\/MANIFEST-25N-TOT.mp3?_=1\" \/><a href=\"https:\/\/projectes.xtec.cat\/educacioinclusiva\/wp-content\/uploads\/usu2065\/2020\/11\/MANIFEST-25N-TOT.mp3\">https:\/\/projectes.xtec.cat\/educacioinclusiva\/wp-content\/uploads\/usu2065\/2020\/11\/MANIFEST-25N-TOT.mp3<\/a><\/audio>\n","protected":false},"excerpt":{"rendered":"<p>El 25N a les 12h es far\u00e0 un minut de silenci per commemorar el dia internacional per a l&#8217;eliminaci\u00f3 de la viol\u00e8ncia envers les dones.<a href=\"https:\/\/drive.google.com\/file\/d\/1s7tPBVuh7dBH04MMvxDYZOLkVXNzF_V9\/view?usp=sharing\" target=\"_blank\" rel=\"noopener noreferrer\"><\/a><br \/>\nEl 25 de novembre nosaltres ens sumem al minut de silenci<br \/>\nLectura del manifest<br \/>\n<a href=\"https:\/\/projectes.xtec.cat\/educacioinclusiva\/wp-content\/uploads\/usu2065\/2020\/11\/MANIFEST-25N-TOT.mp3\">https:\/\/projectes.xtec.cat\/educacioinclusiva\/wp-content\/uploads\/usu2065\/2020\/11\/MANIFEST-25N-TOT.mp3<\/a><\/p>\n","protected":false},"author":4,"featured_media":8709,"comment_status":"closed","ping_status":"closed","sticky":false,"template":"","format":"standard","meta":{"_bbp_topic_count":0,"_bbp_reply_count":0,"_bbp_total_topic_count":0,"_bbp_total_reply_count":0,"_bbp_voice_count":0,"_bbp_anonymous_reply_count":0,"_bbp_topic_count_hidden":0,"_bbp_reply_count_hidden":0,"_bbp_forum_subforum_count":0,"footnotes":""},"categories":[317,1,29],"tags":[],"class_list":["post-8708","post","type-post","status-publish","format-standard","has-post-thumbnail","hentry","category-igualtat","category-general","category-portada"],"post_mailing_queue_ids":[],"_links":{"self":[{"href":"https:\/\/projectes.xtec.cat\/educacioinclusiva\/wp-json\/wp\/v2\/posts\/8708","targetHints":{"allow":["GET"]}}],"collection":[{"href":"https:\/\/projectes.xtec.cat\/educacioinclusiva\/wp-json\/wp\/v2\/posts"}],"about":[{"href":"https:\/\/projectes.xtec.cat\/educacioinclusiva\/wp-json\/wp\/v2\/types\/post"}],"author":[{"embeddable":true,"href":"https:\/\/projectes.xtec.cat\/educacioinclusiva\/wp-json\/wp\/v2\/users\/4"}],"replies":[{"embeddable":true,"href":"https:\/\/projectes.xtec.cat\/educacioinclusiva\/wp-json\/wp\/v2\/comments?post=8708"}],"version-history":[{"count":3,"href":"https:\/\/projectes.xtec.cat\/educacioinclusiva\/wp-json\/wp\/v2\/posts\/8708\/revisions"}],"predecessor-version":[{"id":8715,"href":"https:\/\/projectes.xtec.cat\/educacioinclusiva\/wp-json\/wp\/v2\/posts\/8708\/revisions\/8715"}],"wp:featuredmedia":[{"embeddable":true,"href":"https:\/\/projectes.xtec.cat\/educacioinclusiva\/wp-json\/wp\/v2\/media\/8709"}],"wp:attachment":[{"href":"https:\/\/projectes.xtec.cat\/educacioinclusiva\/wp-json\/wp\/v2\/media?parent=8708"}],"wp:term":[{"taxonomy":"category","embeddable":true,"href":"https:\/\/projectes.xtec.cat\/educacioinclusiva\/wp-json\/wp\/v2\/categories?post=8708"},{"taxonomy":"post_tag","embeddable":true,"href":"https:\/\/projectes.xtec.cat\/educacioinclusiva\/wp-json\/wp\/v2\/tags?post=8708"}],"curies":[{"name":"wp","href":"https:\/\/api.w.org\/{rel}","templated":true}]}}