{"id":8740,"date":"2020-12-11T11:22:15","date_gmt":"2020-12-11T10:22:15","guid":{"rendered":"https:\/\/projectes.xtec.cat\/educacioinclusiva\/?p=8740"},"modified":"2021-01-15T18:37:58","modified_gmt":"2021-01-15T17:37:58","slug":"deteccio-i-derivacio-a-serveis-especialitzats-datencio-als-fills-i-filles-en-situacio-de-violencia-masclista-en-lambit-familiar","status":"publish","type":"post","link":"https:\/\/projectes.xtec.cat\/educacioinclusiva\/general\/deteccio-i-derivacio-a-serveis-especialitzats-datencio-als-fills-i-filles-en-situacio-de-violencia-masclista-en-lambit-familiar\/","title":{"rendered":"Detecci\u00f3 i derivaci\u00f3 a serveis especialitzats d&#8217;atenci\u00f3 als fills i filles en situaci\u00f3 de viol\u00e8ncia masclista en l&#8217;\u00e0mbit familiar"},"content":{"rendered":"<div style=\"width: 100%;\">\n<div><\/div>\n<div><\/div>\n<div style=\"position: relative; padding-bottom: 56.25%; padding-top: 0; height: 0;\"><iframe loading=\"lazy\" src=\"https:\/\/view.genial.ly\/5f04162617e8720d72143112\" width=\"1200px\" height=\"675px\" frameborder=\"0\"><\/iframe><\/div>\n<div><\/div>\n<div>\n<p>&nbsp;<\/p>\n<p>&nbsp;<\/p>\n<p>&nbsp;<\/p>\n<p>\u00c9s cert que l&#8217;\u00e0mbit educatiu \u00e9s un espai protector per a l&#8217;alumnat en situaci\u00f3 de viol\u00e8ncia masclista _i aix \u00e9s molt important_, per\u00f2 hem d&#8217;apostar per anar m\u00e9s enll\u00e0 i contribuir a revertir i millorar la situaci\u00f3 de viol\u00e8ncia: hem de ser proactius\/proactives!<\/p>\n<p>Els fills i filles en situaci\u00f3 de viol\u00e8ncia masclista s\u00f3n considerats subjectes de dret, juntament amb les seves mares, a la\u00a0 <em>Llei 5\/2008, del 24 d&#8217;abril, del dret de les dones a erradicar la viol\u00e8ncia masclista<\/em>, i s&#8217;han d&#8217;atendre<em>. <\/em>Precisament, els centres educatius s\u00f3n un espai important per detectar l&#8217;alumnat en situaci\u00f3 de viol\u00e8ncia en l&#8217;\u00e0mbit familiar.<\/p>\n<p>Des del sistema educatiu hem de treballar per recon\u00e8ixer els fills i filles en situaci\u00f3 de viol\u00e8ncia masclista, donar-los suport i acompanyar-los. Moltes vegades, es tracta sols de fer la derivaci\u00f3 del cas als serveis especialitzats.<\/p>\n<p>Es tendeix a creure que la viol\u00e8ncia \u00e9s marginal per\u00f2 malauradament \u00e9s molt present i no t\u00e9 res a veure ni amb l&#8217;\u00e8tnia ni la classe social. Els fills i filles s\u00f3n v\u00edctimes directes, sempre, de la viol\u00e8ncia masclista que el pare o parella de la mare exerceix contra la mare i els fills i filles. Sovint, es naturalitzen certs comportaments en els infants i adolescents com, per exemple, el fet de ser violent\/violenta o no tenir ganes de fer res i mostrar-se ap\u00e0tic\/ap\u00e0tica i aquests poden ser les manifestacions del patiment i dolor que duen dins seu. \u00c9s de vital import\u00e0ncia refor\u00e7ar la detecci\u00f3 de la viol\u00e8ncia en l&#8217;entorn educatiu i actuar!<\/p>\n<p>Per donar-hi resposta, disposem dels equips d&#8217;assessorament i orientaci\u00f3 pedag\u00f2gica (EAP) juntament amb la Xarxa d&#8217;atenci\u00f3 i recuperaci\u00f3 integral per a dones i fills i filles en situaci\u00f3 de viol\u00e8ncia masclista.<\/p>\n<\/div>\n<div><\/div>\n<div><\/div>\n<\/div>\n","protected":false},"excerpt":{"rendered":"<p>&nbsp;<br \/>\n&nbsp;<br \/>\n&nbsp;<br \/>\n\u00c9s cert que l&#8217;\u00e0mbit educatiu \u00e9s un espai protector per a l&#8217;alumnat en situaci\u00f3 de viol\u00e8ncia masclista _i aix \u00e9s molt important_, per\u00f2 hem d&#8217;apostar per anar m\u00e9s enll\u00e0 i contribuir a revertir i millorar la situaci\u00f3 de viol\u00e8ncia: hem de ser proactius\/proactives!<br \/>\nEls fills i&hellip;  <a href=\"https:\/\/projectes.xtec.cat\/educacioinclusiva\/general\/deteccio-i-derivacio-a-serveis-especialitzats-datencio-als-fills-i-filles-en-situacio-de-violencia-masclista-en-lambit-familiar\/\" title=\"Read Detecci\u00f3 i derivaci\u00f3 a serveis especialitzats d&#8217;atenci\u00f3 als fills i filles en situaci\u00f3 de viol\u00e8ncia masclista en l&#8217;\u00e0mbit familiar\">Llegeix m\u00e9s\u00bb<\/a><\/p>\n","protected":false},"author":4,"featured_media":8784,"comment_status":"closed","ping_status":"closed","sticky":false,"template":"","format":"standard","meta":{"_bbp_topic_count":0,"_bbp_reply_count":0,"_bbp_total_topic_count":0,"_bbp_total_reply_count":0,"_bbp_voice_count":0,"_bbp_anonymous_reply_count":0,"_bbp_topic_count_hidden":0,"_bbp_reply_count_hidden":0,"_bbp_forum_subforum_count":0,"footnotes":""},"categories":[355,154,1,321,29],"tags":[],"class_list":["post-8740","post","type-post","status-publish","format-standard","has-post-thumbnail","hentry","category-lliure-de-violencies","category-formacio","category-general","category-infografies","category-portada"],"post_mailing_queue_ids":[],"_links":{"self":[{"href":"https:\/\/projectes.xtec.cat\/educacioinclusiva\/wp-json\/wp\/v2\/posts\/8740","targetHints":{"allow":["GET"]}}],"collection":[{"href":"https:\/\/projectes.xtec.cat\/educacioinclusiva\/wp-json\/wp\/v2\/posts"}],"about":[{"href":"https:\/\/projectes.xtec.cat\/educacioinclusiva\/wp-json\/wp\/v2\/types\/post"}],"author":[{"embeddable":true,"href":"https:\/\/projectes.xtec.cat\/educacioinclusiva\/wp-json\/wp\/v2\/users\/4"}],"replies":[{"embeddable":true,"href":"https:\/\/projectes.xtec.cat\/educacioinclusiva\/wp-json\/wp\/v2\/comments?post=8740"}],"version-history":[{"count":3,"href":"https:\/\/projectes.xtec.cat\/educacioinclusiva\/wp-json\/wp\/v2\/posts\/8740\/revisions"}],"predecessor-version":[{"id":8772,"href":"https:\/\/projectes.xtec.cat\/educacioinclusiva\/wp-json\/wp\/v2\/posts\/8740\/revisions\/8772"}],"wp:featuredmedia":[{"embeddable":true,"href":"https:\/\/projectes.xtec.cat\/educacioinclusiva\/wp-json\/wp\/v2\/media\/8784"}],"wp:attachment":[{"href":"https:\/\/projectes.xtec.cat\/educacioinclusiva\/wp-json\/wp\/v2\/media?parent=8740"}],"wp:term":[{"taxonomy":"category","embeddable":true,"href":"https:\/\/projectes.xtec.cat\/educacioinclusiva\/wp-json\/wp\/v2\/categories?post=8740"},{"taxonomy":"post_tag","embeddable":true,"href":"https:\/\/projectes.xtec.cat\/educacioinclusiva\/wp-json\/wp\/v2\/tags?post=8740"}],"curies":[{"name":"wp","href":"https:\/\/api.w.org\/{rel}","templated":true}]}}