{"id":8799,"date":"2021-02-01T20:08:56","date_gmt":"2021-02-01T19:08:56","guid":{"rendered":"https:\/\/projectes.xtec.cat\/educacioinclusiva\/?p=8799"},"modified":"2021-06-01T12:58:30","modified_gmt":"2021-06-01T10:58:30","slug":"prevencio-i-deteccio-de-la-mutilacio-genital-femenina-mgf-al-sistema-educatiu","status":"publish","type":"post","link":"https:\/\/projectes.xtec.cat\/educacioinclusiva\/general\/prevencio-i-deteccio-de-la-mutilacio-genital-femenina-mgf-al-sistema-educatiu\/","title":{"rendered":"Prevenci\u00f3 i detecci\u00f3 de la mutilaci\u00f3 genital femenina (MGF) al sistema educatiu"},"content":{"rendered":"<p>Les administracions catalanes treballen per evitar la pr\u00e0ctica de la mutilaci\u00f3 genital femenina (MGF) per\u00f2 es t\u00e9 el convenciment que alguns casos no es detecten. Concretament, es creu que algunes nenes o noies van als pa\u00efsos d\u2019origen de la fam\u00edlia, pateixen la mutilaci\u00f3 genital femenina i no retornen m\u00e9s a Catalunya, on la fam\u00edlia seria perseguida per aquest motiu. Aquesta pr\u00e0ctica es mant\u00e9 al voltant d\u2019uns 30 pa\u00efsos d\u2019\u00c0frica, Orient Mitj\u00e0 i \u00c0sia meridional aix\u00ed com alguns pa\u00efsos asi\u00e0tics (\u00cdndia, Indon\u00e8sia, Iraq i Pakistan) i algunes petites comunitats d\u2019Am\u00e8rica Llatina.<\/p>\n<p>Per aix\u00f2, cal que siguem proactives i proactius des del sistema educatiu com a motor d\u2019empoderament de les nenes, refor\u00e7ant els seus drets, acollint i acompanyant les fam\u00edlies i detectant situacions de risc.<\/p>\n<p>La via judicial \u00e9s el darrer esgla\u00f3 del proc\u00e9s. \u00c9s a dir, es tracta que la fam\u00edlia abandoni la pr\u00e0ctica per convenciment no per imposici\u00f3 legal. Ara b\u00e9, quan arribi el moment en qu\u00e8 una menor es trobi en risc real, els seus drets i la seva integritat f\u00edsica han de prevaldre i protegir-se.<\/p>\n<p>Des dels centres educatius, cal determinar el risc en qu\u00e8 es troba la nena seguint el<a href=\"https:\/\/treballiaferssocials.gencat.cat\/web\/.content\/03ambits_tematics\/07infanciaiadolescencia\/recursos_professionals\/protocols_actuacio\/pdf\/protocol_mutilacio_genital.pdf\">\u00a0Protocol d\u2019actuacions per prevenir la mutilaci\u00f3 genital femenina<\/a>, de la Secretaria d\u2019Igualtat, Migracions i Ciutadania i actuar segons el <a href=\"http:\/\/xtec.gencat.cat\/ca\/centres\/projeducatiu\/convivencia\/protocols\/maltractament-infantil-adolescent\/index.html\">Protocol de prevenci\u00f3, detecci\u00f3, notificaci\u00f3, derivaci\u00f3 i coordinaci\u00f3 de les situacions de maltractament infantil i adolescent en l&#8217;\u00e0mbit educatiu<\/a>. El serveis de salut tenen un pes important en l\u2019abordatge de la mutilaci\u00f3 genital femenina aix\u00ed com la coordinaci\u00f3 local i territorial de tots els agents.<\/p>\n<p><iframe loading=\"lazy\" src=\"https:\/\/docs.google.com\/presentation\/d\/e\/2PACX-1vSGY_cvLkD7eDtDxBTssPMxP8hDnetf8CrdyTtSfNavQE1fWK9gneW6rV2yj-NqFQ\/embed?start=false&amp;loop=false&amp;delayms=3000\" width=\"720\" height=\"1069\" frameborder=\"0\"><\/iframe><\/p>\n<p><a href=\"https:\/\/drive.google.com\/file\/d\/1tAY4YhW0ySjltbI0aOjACejVb4m2_KJh\/view?usp=sharing\" target=\"_blank\" rel=\"noopener noreferrer\">Infografia en PDF<\/a><\/p>\n","protected":false},"excerpt":{"rendered":"<p>Les administracions catalanes treballen per evitar la pr\u00e0ctica de la mutilaci\u00f3 genital femenina (MGF) per\u00f2 es t\u00e9 el convenciment que alguns casos no es detecten. Concretament, es creu que algunes nenes o noies van als pa\u00efsos d\u2019origen de la fam\u00edlia, pateixen la mutilaci\u00f3 genital femenina&hellip;  <a href=\"https:\/\/projectes.xtec.cat\/educacioinclusiva\/general\/prevencio-i-deteccio-de-la-mutilacio-genital-femenina-mgf-al-sistema-educatiu\/\" title=\"Read Prevenci\u00f3 i detecci\u00f3 de la mutilaci\u00f3 genital femenina (MGF) al sistema educatiu\">Llegeix m\u00e9s\u00bb<\/a><\/p>\n","protected":false},"author":1,"featured_media":8897,"comment_status":"closed","ping_status":"closed","sticky":false,"template":"","format":"standard","meta":{"_bbp_topic_count":0,"_bbp_reply_count":0,"_bbp_total_topic_count":0,"_bbp_total_reply_count":0,"_bbp_voice_count":0,"_bbp_anonymous_reply_count":0,"_bbp_topic_count_hidden":0,"_bbp_reply_count_hidden":0,"_bbp_forum_subforum_count":0,"footnotes":""},"categories":[317,355,1,321,29,308,76],"tags":[],"class_list":["post-8799","post","type-post","status-publish","format-standard","has-post-thumbnail","hentry","category-igualtat","category-lliure-de-violencies","category-general","category-infografies","category-portada","category-projectes","category-recursos"],"post_mailing_queue_ids":[],"_links":{"self":[{"href":"https:\/\/projectes.xtec.cat\/educacioinclusiva\/wp-json\/wp\/v2\/posts\/8799","targetHints":{"allow":["GET"]}}],"collection":[{"href":"https:\/\/projectes.xtec.cat\/educacioinclusiva\/wp-json\/wp\/v2\/posts"}],"about":[{"href":"https:\/\/projectes.xtec.cat\/educacioinclusiva\/wp-json\/wp\/v2\/types\/post"}],"author":[{"embeddable":true,"href":"https:\/\/projectes.xtec.cat\/educacioinclusiva\/wp-json\/wp\/v2\/users\/1"}],"replies":[{"embeddable":true,"href":"https:\/\/projectes.xtec.cat\/educacioinclusiva\/wp-json\/wp\/v2\/comments?post=8799"}],"version-history":[{"count":3,"href":"https:\/\/projectes.xtec.cat\/educacioinclusiva\/wp-json\/wp\/v2\/posts\/8799\/revisions"}],"predecessor-version":[{"id":8804,"href":"https:\/\/projectes.xtec.cat\/educacioinclusiva\/wp-json\/wp\/v2\/posts\/8799\/revisions\/8804"}],"wp:featuredmedia":[{"embeddable":true,"href":"https:\/\/projectes.xtec.cat\/educacioinclusiva\/wp-json\/wp\/v2\/media\/8897"}],"wp:attachment":[{"href":"https:\/\/projectes.xtec.cat\/educacioinclusiva\/wp-json\/wp\/v2\/media?parent=8799"}],"wp:term":[{"taxonomy":"category","embeddable":true,"href":"https:\/\/projectes.xtec.cat\/educacioinclusiva\/wp-json\/wp\/v2\/categories?post=8799"},{"taxonomy":"post_tag","embeddable":true,"href":"https:\/\/projectes.xtec.cat\/educacioinclusiva\/wp-json\/wp\/v2\/tags?post=8799"}],"curies":[{"name":"wp","href":"https:\/\/api.w.org\/{rel}","templated":true}]}}