{"id":8948,"date":"2021-04-28T09:09:12","date_gmt":"2021-04-28T07:09:12","guid":{"rendered":"https:\/\/projectes.xtec.cat\/educacioinclusiva\/?p=8948"},"modified":"2021-04-28T09:14:21","modified_gmt":"2021-04-28T07:14:21","slug":"actualitzacio-intranet_portal-de-centre-dels-serveis-educatius","status":"publish","type":"post","link":"https:\/\/projectes.xtec.cat\/educacioinclusiva\/general\/actualitzacio-intranet_portal-de-centre-dels-serveis-educatius\/","title":{"rendered":"Actualitzaci\u00f3 Intranet_Portal de Centre dels Serveis Educatius"},"content":{"rendered":"<p><a href=\"https:\/\/projectes.xtec.cat\/educacioinclusiva\/wp-content\/uploads\/usu2065\/2021\/04\/serveis-educatius_.jpg\"><img loading=\"lazy\" decoding=\"async\" class=\"wp-image-8947 alignright\" src=\"https:\/\/projectes.xtec.cat\/educacioinclusiva\/wp-content\/uploads\/usu2065\/2021\/04\/serveis-educatius_.jpg\" alt=\"serveis educatiu\" width=\"273\" height=\"297\" \/><\/a><\/p>\n<p><span style=\"font-family: 'Verdana',sans-serif;\">S\u2019ha actualitzat el nou <a href=\"https:\/\/espai.educacio.gencat.cat\/Departament\/Ambits-treball\/Serveis-educatius\/Pagines\/default.aspx\" target=\"_blank\" rel=\"noopener noreferrer\"><strong>espai dels Serveis educatius de la<\/strong> <strong>Intranet-Portal de Centre<\/strong><\/a>. Aquest \u00e9s punt d\u2019acc\u00e9s per als professionals dels serveis educatius a les aplicacions de gesti\u00f3, proporcionant els recursos necessaris en la tasca di\u00e0ria, regulant i orientant la seva pr\u00e0ctica professional.<\/span><\/p>\n<p><span style=\"font-family: 'Verdana',sans-serif;\">L\u2019actualitzaci\u00f3 ha comportat canvis en els continguts i les aplicacions que es visualitzen, amb l\u2019objectiu d\u2019aconseguir la personalitzaci\u00f3 de l\u2019acc\u00e9s a aquests. Entre les millores cal destacar un disseny clar i atractiu, informaci\u00f3 estructurada i l&#8217;acc\u00e9s des de qualsevol dispositiu m\u00f2bil.<\/span><\/p>\n<p>&nbsp;<\/p>\n","protected":false},"excerpt":{"rendered":"<p><a href=\"https:\/\/projectes.xtec.cat\/educacioinclusiva\/wp-content\/uploads\/usu2065\/2021\/04\/serveis-educatius_.jpg\"><\/a><br \/>\nS\u2019ha actualitzat el nou <a href=\"https:\/\/espai.educacio.gencat.cat\/Departament\/Ambits-treball\/Serveis-educatius\/Pagines\/default.aspx\" target=\"_blank\" rel=\"noopener noreferrer\">espai dels Serveis educatius de la Intranet-Portal de Centre<\/a>. Aquest \u00e9s punt d\u2019acc\u00e9s per als professionals dels serveis educatius a les aplicacions de gesti\u00f3, proporcionant els recursos necessaris en la tasca di\u00e0ria, regulant i orientant la&hellip;  <a href=\"https:\/\/projectes.xtec.cat\/educacioinclusiva\/general\/actualitzacio-intranet_portal-de-centre-dels-serveis-educatius\/\" title=\"Read Actualitzaci\u00f3 Intranet_Portal de Centre dels Serveis Educatius\">Llegeix m\u00e9s\u00bb<\/a><\/p>\n","protected":false},"author":28,"featured_media":8971,"comment_status":"closed","ping_status":"closed","sticky":false,"template":"","format":"standard","meta":{"_bbp_topic_count":0,"_bbp_reply_count":0,"_bbp_total_topic_count":0,"_bbp_total_reply_count":0,"_bbp_voice_count":0,"_bbp_anonymous_reply_count":0,"_bbp_topic_count_hidden":0,"_bbp_reply_count_hidden":0,"_bbp_forum_subforum_count":0,"footnotes":""},"categories":[312,313,314,311,1,29],"tags":[],"class_list":["post-8948","post","type-post","status-publish","format-standard","has-post-thumbnail","hentry","category-creda","category-credv","category-cretdic","category-eap","category-general","category-portada"],"post_mailing_queue_ids":[],"_links":{"self":[{"href":"https:\/\/projectes.xtec.cat\/educacioinclusiva\/wp-json\/wp\/v2\/posts\/8948","targetHints":{"allow":["GET"]}}],"collection":[{"href":"https:\/\/projectes.xtec.cat\/educacioinclusiva\/wp-json\/wp\/v2\/posts"}],"about":[{"href":"https:\/\/projectes.xtec.cat\/educacioinclusiva\/wp-json\/wp\/v2\/types\/post"}],"author":[{"embeddable":true,"href":"https:\/\/projectes.xtec.cat\/educacioinclusiva\/wp-json\/wp\/v2\/users\/28"}],"replies":[{"embeddable":true,"href":"https:\/\/projectes.xtec.cat\/educacioinclusiva\/wp-json\/wp\/v2\/comments?post=8948"}],"version-history":[{"count":3,"href":"https:\/\/projectes.xtec.cat\/educacioinclusiva\/wp-json\/wp\/v2\/posts\/8948\/revisions"}],"predecessor-version":[{"id":8972,"href":"https:\/\/projectes.xtec.cat\/educacioinclusiva\/wp-json\/wp\/v2\/posts\/8948\/revisions\/8972"}],"wp:featuredmedia":[{"embeddable":true,"href":"https:\/\/projectes.xtec.cat\/educacioinclusiva\/wp-json\/wp\/v2\/media\/8971"}],"wp:attachment":[{"href":"https:\/\/projectes.xtec.cat\/educacioinclusiva\/wp-json\/wp\/v2\/media?parent=8948"}],"wp:term":[{"taxonomy":"category","embeddable":true,"href":"https:\/\/projectes.xtec.cat\/educacioinclusiva\/wp-json\/wp\/v2\/categories?post=8948"},{"taxonomy":"post_tag","embeddable":true,"href":"https:\/\/projectes.xtec.cat\/educacioinclusiva\/wp-json\/wp\/v2\/tags?post=8948"}],"curies":[{"name":"wp","href":"https:\/\/api.w.org\/{rel}","templated":true}]}}