{"id":8974,"date":"2021-04-28T10:12:33","date_gmt":"2021-04-28T08:12:33","guid":{"rendered":"https:\/\/projectes.xtec.cat\/educacioinclusiva\/?p=8974"},"modified":"2023-03-13T12:43:43","modified_gmt":"2023-03-13T11:43:43","slug":"guia-de-llenguatge-inclusiu-en-el-tractament-de-persones-amb-discapacitat","status":"publish","type":"post","link":"https:\/\/projectes.xtec.cat\/educacioinclusiva\/portada\/guia-de-llenguatge-inclusiu-en-el-tractament-de-persones-amb-discapacitat\/","title":{"rendered":"Guia de llenguatge inclusiu en el tractament de persones amb discapacitat"},"content":{"rendered":"<p><a href=\"https:\/\/projectes.xtec.cat\/educacioinclusiva\/general\/guia-de-llenguatge-inclusiu-en-el-tractament-de-persones-amb-discapacitat\/attachment\/2021-04-19-guia-llenguatge-inclusiu-jpg_1295158679\/\" rel=\"attachment wp-att-8975\"><img loading=\"lazy\" decoding=\"async\" class=\"size-full wp-image-8975 alignright\" src=\"https:\/\/projectes.xtec.cat\/educacioinclusiva\/wp-content\/uploads\/usu2065\/2021\/04\/2021.04.19-Guia-llenguatge-inclusiu.jpg_1295158679.jpg\" alt=\"Guia de llenguatge inclusiu en el tractament de persones amb discapacitat\" width=\"450\" height=\"636\" srcset=\"https:\/\/projectes.xtec.cat\/educacioinclusiva\/wp-content\/uploads\/usu2065\/2021\/04\/2021.04.19-Guia-llenguatge-inclusiu.jpg_1295158679.jpg 450w, https:\/\/projectes.xtec.cat\/educacioinclusiva\/wp-content\/uploads\/usu2065\/2021\/04\/2021.04.19-Guia-llenguatge-inclusiu.jpg_1295158679-212x300.jpg 212w\" sizes=\"auto, (max-width: 450px) 100vw, 450px\" \/><\/a><\/p>\n<div class=\"col-sm-8\">\n<div class=\"basic_text_peq pd-15\">\n<p>La Direcci\u00f3 General de Pol\u00edtica Ling\u00fc\u00edstica ha publicat en l\u00ednia la\u00a0<a href=\"https:\/\/llengua.gencat.cat\/ca\/serveis\/informacio_i_difusio\/publicacions_en_linia\/mes-publicacions\/guia-de-llenguatge-inclusiu-en-el-tractament-de-persones-amb-discapacitat\/\"><em>Guia de llenguatge inclusiu en el tractament de persones amb discapacitat<\/em><\/a>\u00a0amb l\u2019objectiu de contribuir a consolidar la inclusi\u00f3 plena d\u2019aquest col\u00b7lectiu. Les administracions p\u00fabliques, els centres educatius, els mitjans de comunicaci\u00f3 i tots els agents socials que treballen amb persones amb discapacitat o que s\u2019hi refereixen tenen un paper essencial en l\u2019erradicaci\u00f3 d\u2019estereotips i en la difusi\u00f3 d\u2019una concepci\u00f3 de la discapacitat ajustada a la realitat. El catal\u00e0, amb aquesta guia, disposa d\u2019una eina clau per a la inclusi\u00f3 social.<\/p>\n<p>El contingut principal de la guia se centra en els criteris per tractar la discapacitat amb \u00f2ptica inclusiva i en la terminologia recomanada segons els tipus de discapacitat; i tamb\u00e9 ofereix informaci\u00f3 del marc conceptual i normatiu, la definici\u00f3 de la discapacitat en el context de la imatge social que se\u2019n t\u00e9.<\/p>\n<p>Amb un enfocament eminentment pr\u00e0ctic, s\u2019hi troben exemples per corregir expressions obsoletes o pejoratives, comunicar amb rigor i precisi\u00f3, i evitar eufemismes i paternalismes. En aquest sentit, es proposa parlar d\u2019\u201cinfants amb discapacitat\u201d en lloc d\u2019\u201cinfants discapacitats\u201d i \u201cpersones sense discapacitat\u201d en lloc de \u201cpersones normals\u201d. Tamb\u00e9 pret\u00e9n evitar usos metaf\u00f2rics denigrants com ara \u201csituaci\u00f3 esquizofr\u00e8nica\u201d o \u201cresposta autista\u201d, entre molts d\u2019altres.<\/p>\n<p>Per a l\u2019elaboraci\u00f3 de la Guia, la Direcci\u00f3 General de Pol\u00edtica Ling\u00fc\u00edstica ha comptat amb la col\u00b7laboraci\u00f3 de l\u2019APSOCECAT (Associaci\u00f3 Catalana Pro Persones Sordcegues); de la DINCAT (Federaci\u00f3 d\u2019Entitats de la Discapacitat Intel\u00b7lectual i del Desenvolupament de Catalunya); de la FESOCA (Federaci\u00f3 de Persones Sordes de Catalunya); de l\u2019ONCE (Organitzaci\u00f3 Nacional de Cecs d\u2019Espanya); de Gemma Rigau i Oliver, professora i membre de la Secci\u00f3 Filol\u00f2gica de l\u2019IEC; de la Secretaria d\u2019Afers Socials i Fam\u00edlies del Departament de Treball, Afers Socials i Fam\u00edlies, i del TERMCAT, Centre de Terminologia.<\/p>\n<\/div>\n<\/div>\n<div class=\"col-sm-4 col-xs-12 pd-md-0\">\n<div class=\"basic_color gris_o\">\n<p>La guia contribueix a l\u2019erradicaci\u00f3 d\u2019estereotips sobre la discapacitat<\/p>\n<\/div>\n<div class=\"inform_relacionada pd-30\">\n<div class=\"inform_relacionada_cont\">\n<h2><\/h2>\n<div class=\"llistat_enllacos_filet\">\n<ul class=\"llistat_enllacos_filet_cont list-group\">\n<li class=\"list-group-item\"><a href=\"https:\/\/llengua.gencat.cat\/ca\/serveis\/informacio_i_difusio\/publicacions_en_linia\/classific_temes\/temes_criteris_ling\/\">Criteris ling\u00fc\u00edstics<\/a><\/li>\n<li class=\"list-group-item\"><a href=\"https:\/\/llengua.gencat.cat\/web\/.content\/documents\/publicacions\/publicacions_en_linia\/arxius\/guia-llenguatge-inclusiu.pdf\" target=\"_blank\" rel=\"noopener noreferrer\">Guia de llenguatge inclusiu en el tractament de persones amb discapacitat<img decoding=\"async\" class=\"icon-document\" src=\"https:\/\/llengua.gencat.cat\/web\/resources\/fwkResponsives\/common\/img\/NG_ico_pdf.png\" alt=\"pdf icon\" \/><span class=\"size-document\">[913,52 kB]<\/span><span class=\"sr-only\">. Obre en una nova finestra.<\/span><\/a><\/li>\n<\/ul>\n<\/div>\n<\/div>\n<\/div>\n<\/div>\n","protected":false},"excerpt":{"rendered":"<p><a href=\"https:\/\/projectes.xtec.cat\/educacioinclusiva\/general\/guia-de-llenguatge-inclusiu-en-el-tractament-de-persones-amb-discapacitat\/attachment\/2021-04-19-guia-llenguatge-inclusiu-jpg_1295158679\/\" rel=\"attachment wp-att-8975\"><\/a><\/p>\n<p>La Direcci\u00f3 General de Pol\u00edtica Ling\u00fc\u00edstica ha publicat en l\u00ednia la\u00a0<a href=\"https:\/\/llengua.gencat.cat\/ca\/serveis\/informacio_i_difusio\/publicacions_en_linia\/mes-publicacions\/guia-de-llenguatge-inclusiu-en-el-tractament-de-persones-amb-discapacitat\/\">Guia de llenguatge inclusiu en el tractament de persones amb discapacitat<\/a>\u00a0amb l\u2019objectiu de contribuir a consolidar la inclusi\u00f3 plena d\u2019aquest col\u00b7lectiu. Les administracions p\u00fabliques, els centres educatius, els mitjans de comunicaci\u00f3&hellip;  <a href=\"https:\/\/projectes.xtec.cat\/educacioinclusiva\/portada\/guia-de-llenguatge-inclusiu-en-el-tractament-de-persones-amb-discapacitat\/\" title=\"Read Guia de llenguatge inclusiu en el tractament de persones amb discapacitat\">Llegeix m\u00e9s\u00bb<\/a><\/p>\n","protected":false},"author":4,"featured_media":8976,"comment_status":"closed","ping_status":"closed","sticky":false,"template":"","format":"standard","meta":{"_bbp_topic_count":0,"_bbp_reply_count":0,"_bbp_total_topic_count":0,"_bbp_total_reply_count":0,"_bbp_voice_count":0,"_bbp_anonymous_reply_count":0,"_bbp_topic_count_hidden":0,"_bbp_reply_count_hidden":0,"_bbp_forum_subforum_count":0,"footnotes":""},"categories":[382,29],"tags":[],"class_list":["post-8974","post","type-post","status-publish","format-standard","has-post-thumbnail","hentry","category-guies-ed-inclusiva","category-portada"],"post_mailing_queue_ids":[],"_links":{"self":[{"href":"https:\/\/projectes.xtec.cat\/educacioinclusiva\/wp-json\/wp\/v2\/posts\/8974","targetHints":{"allow":["GET"]}}],"collection":[{"href":"https:\/\/projectes.xtec.cat\/educacioinclusiva\/wp-json\/wp\/v2\/posts"}],"about":[{"href":"https:\/\/projectes.xtec.cat\/educacioinclusiva\/wp-json\/wp\/v2\/types\/post"}],"author":[{"embeddable":true,"href":"https:\/\/projectes.xtec.cat\/educacioinclusiva\/wp-json\/wp\/v2\/users\/4"}],"replies":[{"embeddable":true,"href":"https:\/\/projectes.xtec.cat\/educacioinclusiva\/wp-json\/wp\/v2\/comments?post=8974"}],"version-history":[{"count":2,"href":"https:\/\/projectes.xtec.cat\/educacioinclusiva\/wp-json\/wp\/v2\/posts\/8974\/revisions"}],"predecessor-version":[{"id":8978,"href":"https:\/\/projectes.xtec.cat\/educacioinclusiva\/wp-json\/wp\/v2\/posts\/8974\/revisions\/8978"}],"wp:featuredmedia":[{"embeddable":true,"href":"https:\/\/projectes.xtec.cat\/educacioinclusiva\/wp-json\/wp\/v2\/media\/8976"}],"wp:attachment":[{"href":"https:\/\/projectes.xtec.cat\/educacioinclusiva\/wp-json\/wp\/v2\/media?parent=8974"}],"wp:term":[{"taxonomy":"category","embeddable":true,"href":"https:\/\/projectes.xtec.cat\/educacioinclusiva\/wp-json\/wp\/v2\/categories?post=8974"},{"taxonomy":"post_tag","embeddable":true,"href":"https:\/\/projectes.xtec.cat\/educacioinclusiva\/wp-json\/wp\/v2\/tags?post=8974"}],"curies":[{"name":"wp","href":"https:\/\/api.w.org\/{rel}","templated":true}]}}