{"id":8983,"date":"2021-05-14T09:32:58","date_gmt":"2021-05-14T07:32:58","guid":{"rendered":"https:\/\/projectes.xtec.cat\/educacioinclusiva\/?p=8983"},"modified":"2021-06-01T17:33:48","modified_gmt":"2021-06-01T15:33:48","slug":"17-maig_dia-internacional-contra-lhomofobia-la-transfobia-i-la-bifobia","status":"publish","type":"post","link":"https:\/\/projectes.xtec.cat\/educacioinclusiva\/general\/17-maig_dia-internacional-contra-lhomofobia-la-transfobia-i-la-bifobia\/","title":{"rendered":"17 Maig_Dia Internacional contra l&#8217;Homof\u00f2bia, la Transf\u00f2bia i la Bif\u00f2bia"},"content":{"rendered":"<p><a href=\"https:\/\/projectes.xtec.cat\/educacioinclusiva\/wp-content\/uploads\/usu2065\/2021\/05\/17maig_3.jpeg\"><img loading=\"lazy\" decoding=\"async\" class=\"size-full wp-image-8986 aligncenter\" src=\"https:\/\/projectes.xtec.cat\/educacioinclusiva\/wp-content\/uploads\/usu2065\/2021\/05\/17maig_3.jpeg\" alt=\"\" width=\"500\" height=\"333\" \/><\/a><\/p>\n<p><strong>#stoplgbtifobia #coeducat #lesescoleslliuresdeviolencies<\/strong><\/p>\n<p>Cada\u00a0<strong>17 de maig<\/strong>\u00a0es commemora la lluita contra l&#8217;homof\u00f2bia (lesbof\u00f2bia i gaif\u00f2bia), la bif\u00f2bia, la transf\u00f2bia i la f\u00f2bia a la intersexualitat. Des del sistema educatiu, recordem que cal treballar per garantir els drets de les persones LGBTI a fi que la viv\u00e8ncia del g\u00e8nere sigui una viv\u00e8ncia saludable i empoderadora de totes les persones.<\/p>\n<p>Us suggerim propostes d\u2019actuaci\u00f3 i recursos espec\u00edfics a fi de promoure la conscienciaci\u00f3 de la diversitat de g\u00e8nere i la prevenci\u00f3 i l\u2019abordatge de l\u2019assetjament LGBTI.<\/p>\n<p><a href=\"http:\/\/xtec.gencat.cat\/ca\/centres\/celebracions\/2021\/dia-internacional-contra-lhomofobia-la-transfobia-i-la-bifobia\">http:\/\/xtec.gencat.cat\/ca\/centres\/celebracions\/2021\/dia-internacional-contra-lhomofobia-la-transfobia-i-la-bifobia<\/a><\/p>\n","protected":false},"excerpt":{"rendered":"<p><a href=\"https:\/\/projectes.xtec.cat\/educacioinclusiva\/wp-content\/uploads\/usu2065\/2021\/05\/17maig_3.jpeg\"><\/a><br \/>\n#stoplgbtifobia #coeducat #lesescoleslliuresdeviolencies<br \/>\nCada\u00a017 de maig\u00a0es commemora la lluita contra l&#8217;homof\u00f2bia (lesbof\u00f2bia i gaif\u00f2bia), la bif\u00f2bia, la transf\u00f2bia i la f\u00f2bia a la intersexualitat. Des del sistema educatiu, recordem que cal treballar per garantir els drets de les persones LGBTI a fi que la viv\u00e8ncia&hellip;  <a href=\"https:\/\/projectes.xtec.cat\/educacioinclusiva\/general\/17-maig_dia-internacional-contra-lhomofobia-la-transfobia-i-la-bifobia\/\" title=\"Read 17 Maig_Dia Internacional contra l&#8217;Homof\u00f2bia, la Transf\u00f2bia i la Bif\u00f2bia\">Llegeix m\u00e9s\u00bb<\/a><\/p>\n","protected":false},"author":1,"featured_media":8986,"comment_status":"closed","ping_status":"closed","sticky":false,"template":"","format":"standard","meta":{"_bbp_topic_count":0,"_bbp_reply_count":0,"_bbp_total_topic_count":0,"_bbp_total_reply_count":0,"_bbp_voice_count":0,"_bbp_anonymous_reply_count":0,"_bbp_topic_count_hidden":0,"_bbp_reply_count_hidden":0,"_bbp_forum_subforum_count":0,"footnotes":""},"categories":[317,1,29,308],"tags":[335,360,353,334],"class_list":["post-8983","post","type-post","status-publish","format-standard","has-post-thumbnail","hentry","category-igualtat","category-general","category-portada","category-projectes","tag-coeducacio","tag-dies-internacionals","tag-diversitat-afectivosexual-i-de-genere","tag-genere"],"post_mailing_queue_ids":[],"_links":{"self":[{"href":"https:\/\/projectes.xtec.cat\/educacioinclusiva\/wp-json\/wp\/v2\/posts\/8983","targetHints":{"allow":["GET"]}}],"collection":[{"href":"https:\/\/projectes.xtec.cat\/educacioinclusiva\/wp-json\/wp\/v2\/posts"}],"about":[{"href":"https:\/\/projectes.xtec.cat\/educacioinclusiva\/wp-json\/wp\/v2\/types\/post"}],"author":[{"embeddable":true,"href":"https:\/\/projectes.xtec.cat\/educacioinclusiva\/wp-json\/wp\/v2\/users\/1"}],"replies":[{"embeddable":true,"href":"https:\/\/projectes.xtec.cat\/educacioinclusiva\/wp-json\/wp\/v2\/comments?post=8983"}],"version-history":[{"count":3,"href":"https:\/\/projectes.xtec.cat\/educacioinclusiva\/wp-json\/wp\/v2\/posts\/8983\/revisions"}],"predecessor-version":[{"id":8987,"href":"https:\/\/projectes.xtec.cat\/educacioinclusiva\/wp-json\/wp\/v2\/posts\/8983\/revisions\/8987"}],"wp:featuredmedia":[{"embeddable":true,"href":"https:\/\/projectes.xtec.cat\/educacioinclusiva\/wp-json\/wp\/v2\/media\/8986"}],"wp:attachment":[{"href":"https:\/\/projectes.xtec.cat\/educacioinclusiva\/wp-json\/wp\/v2\/media?parent=8983"}],"wp:term":[{"taxonomy":"category","embeddable":true,"href":"https:\/\/projectes.xtec.cat\/educacioinclusiva\/wp-json\/wp\/v2\/categories?post=8983"},{"taxonomy":"post_tag","embeddable":true,"href":"https:\/\/projectes.xtec.cat\/educacioinclusiva\/wp-json\/wp\/v2\/tags?post=8983"}],"curies":[{"name":"wp","href":"https:\/\/api.w.org\/{rel}","templated":true}]}}