{"id":9017,"date":"2021-06-01T17:27:20","date_gmt":"2021-06-01T15:27:20","guid":{"rendered":"https:\/\/projectes.xtec.cat\/educacioinclusiva\/?p=9017"},"modified":"2021-06-02T08:40:09","modified_gmt":"2021-06-02T06:40:09","slug":"prevencio-i-deteccio-de-lassetjament","status":"publish","type":"post","link":"https:\/\/projectes.xtec.cat\/educacioinclusiva\/general\/prevencio-i-deteccio-de-lassetjament\/","title":{"rendered":"Prevenci\u00f3 i detecci\u00f3 de l&#8217;assetjament"},"content":{"rendered":"<p><a href=\"http:\/\/educacio.gencat.cat\/ca\/arees-actuacio\/families\/ajudem-fills\/assetjament\/\" target=\"_blank\" rel=\"attachment noopener wp-att-9019 noreferrer\"><img loading=\"lazy\" decoding=\"async\" class=\"size-full wp-image-9019 aligncenter\" src=\"https:\/\/projectes.xtec.cat\/educacioinclusiva\/wp-content\/uploads\/usu2065\/2021\/06\/Guia-de-prevenci\u00f3.png\" alt=\"Guia de prevenci\u00f3 i detecci\u00f3 de l'assetjament\" width=\"1169\" height=\"418\" srcset=\"https:\/\/projectes.xtec.cat\/educacioinclusiva\/wp-content\/uploads\/usu2065\/2021\/06\/Guia-de-prevenci\u00f3.png 1169w, https:\/\/projectes.xtec.cat\/educacioinclusiva\/wp-content\/uploads\/usu2065\/2021\/06\/Guia-de-prevenci\u00f3-300x107.png 300w, https:\/\/projectes.xtec.cat\/educacioinclusiva\/wp-content\/uploads\/usu2065\/2021\/06\/Guia-de-prevenci\u00f3-768x275.png 768w, https:\/\/projectes.xtec.cat\/educacioinclusiva\/wp-content\/uploads\/usu2065\/2021\/06\/Guia-de-prevenci\u00f3-1024x366.png 1024w\" sizes=\"auto, (max-width: 1169px) 100vw, 1169px\" \/><\/a><\/p>\n<p><span class=\"css-901oao css-16my406 r-poiln3 r-bcqeeo r-qvutc0\">Qu\u00e8 \u00e9s l\u2019<\/span><span class=\"r-18u37iz\"><a class=\"css-4rbku5 css-18t94o4 css-901oao css-16my406 r-1n1174f r-1loqt21 r-poiln3 r-bcqeeo r-qvutc0\" dir=\"ltr\" role=\"link\" href=\"https:\/\/twitter.com\/hashtag\/assetjament?src=hashtag_click\">#assetjament<\/a><\/span><span class=\"css-901oao css-16my406 r-poiln3 r-bcqeeo r-qvutc0\">? Com podeu detectar si el vostre fill o filla el pateix? Com podeu col\u00b7laborar per fer-hi front? <\/span><span class=\"css-901oao css-16my406 r-poiln3 r-bcqeeo r-qvutc0\">\u00a0En <a href=\"http:\/\/educacio.gencat.cat\/ca\/arees-actuacio\/families\/ajudem-fills\/assetjament\/\" target=\"_blank\" rel=\"noopener noreferrer\">aquesta guia<\/a> per a <\/span><span class=\"r-18u37iz\"><a class=\"css-4rbku5 css-18t94o4 css-901oao css-16my406 r-1n1174f r-1loqt21 r-poiln3 r-bcqeeo r-qvutc0\" dir=\"ltr\" role=\"link\" href=\"https:\/\/twitter.com\/hashtag\/fam%C3%ADlies?src=hashtag_click\">#fam\u00edlies<\/a><\/span><span class=\"css-901oao css-16my406 r-poiln3 r-bcqeeo r-qvutc0\">, trobareu informaci\u00f3 i recursos per saber qu\u00e8 \u00e9s l&#8217;assetjament, com detectar si el vostre fill o filla el pateix i com poder collaborar per fer-hi front.\u00a0<\/span> <span class=\"r-18u37iz\"><a class=\"css-4rbku5 css-18t94o4 css-901oao css-16my406 r-1n1174f r-1loqt21 r-poiln3 r-bcqeeo r-qvutc0\" dir=\"ltr\" role=\"link\" href=\"https:\/\/twitter.com\/hashtag\/Aqu%C3%ADProuBullying?src=hashtag_click\">#Aqu\u00edProuBullying<\/a><\/span> <span class=\"r-18u37iz\"><a class=\"css-4rbku5 css-18t94o4 css-901oao css-16my406 r-1n1174f r-1loqt21 r-poiln3 r-bcqeeo r-qvutc0\" dir=\"ltr\" role=\"link\" href=\"https:\/\/twitter.com\/hashtag\/LesEscolesLliuresDeViol%C3%A8ncies?src=hashtag_click\">#LesEscolesLliuresDeViol\u00e8ncies<\/a><\/span><\/p>\n","protected":false},"excerpt":{"rendered":"<p>Qu\u00e8 \u00e9s l\u2019#assetjament? Com podeu detectar si el vostre fill o filla el pateix? Com podeu col\u00b7laborar per fer-hi front? \u00a0En aquesta guia per a #fam\u00edlies, trobareu informaci\u00f3 i recursos per saber qu\u00e8 \u00e9s l&#8217;assetjament, com detectar si el vostre fill o filla el pateix i com poder collaborar per fer-hi front.\u00a0 #Aqu\u00edProuBullying #LesEscolesLliuresDeViol\u00e8ncies&hellip;  <a href=\"https:\/\/projectes.xtec.cat\/educacioinclusiva\/general\/prevencio-i-deteccio-de-lassetjament\/\" title=\"Read Prevenci\u00f3 i detecci\u00f3 de l&#8217;assetjament\">Llegeix m\u00e9s\u00bb<\/a><\/p>\n","protected":false},"author":4,"featured_media":9020,"comment_status":"closed","ping_status":"closed","sticky":false,"template":"","format":"standard","meta":{"_bbp_topic_count":0,"_bbp_reply_count":0,"_bbp_total_topic_count":0,"_bbp_total_reply_count":0,"_bbp_voice_count":0,"_bbp_anonymous_reply_count":0,"_bbp_topic_count_hidden":0,"_bbp_reply_count_hidden":0,"_bbp_forum_subforum_count":0,"footnotes":""},"categories":[355,1,29],"tags":[],"class_list":["post-9017","post","type-post","status-publish","format-standard","has-post-thumbnail","hentry","category-lliure-de-violencies","category-general","category-portada"],"post_mailing_queue_ids":[],"_links":{"self":[{"href":"https:\/\/projectes.xtec.cat\/educacioinclusiva\/wp-json\/wp\/v2\/posts\/9017","targetHints":{"allow":["GET"]}}],"collection":[{"href":"https:\/\/projectes.xtec.cat\/educacioinclusiva\/wp-json\/wp\/v2\/posts"}],"about":[{"href":"https:\/\/projectes.xtec.cat\/educacioinclusiva\/wp-json\/wp\/v2\/types\/post"}],"author":[{"embeddable":true,"href":"https:\/\/projectes.xtec.cat\/educacioinclusiva\/wp-json\/wp\/v2\/users\/4"}],"replies":[{"embeddable":true,"href":"https:\/\/projectes.xtec.cat\/educacioinclusiva\/wp-json\/wp\/v2\/comments?post=9017"}],"version-history":[{"count":3,"href":"https:\/\/projectes.xtec.cat\/educacioinclusiva\/wp-json\/wp\/v2\/posts\/9017\/revisions"}],"predecessor-version":[{"id":9026,"href":"https:\/\/projectes.xtec.cat\/educacioinclusiva\/wp-json\/wp\/v2\/posts\/9017\/revisions\/9026"}],"wp:featuredmedia":[{"embeddable":true,"href":"https:\/\/projectes.xtec.cat\/educacioinclusiva\/wp-json\/wp\/v2\/media\/9020"}],"wp:attachment":[{"href":"https:\/\/projectes.xtec.cat\/educacioinclusiva\/wp-json\/wp\/v2\/media?parent=9017"}],"wp:term":[{"taxonomy":"category","embeddable":true,"href":"https:\/\/projectes.xtec.cat\/educacioinclusiva\/wp-json\/wp\/v2\/categories?post=9017"},{"taxonomy":"post_tag","embeddable":true,"href":"https:\/\/projectes.xtec.cat\/educacioinclusiva\/wp-json\/wp\/v2\/tags?post=9017"}],"curies":[{"name":"wp","href":"https:\/\/api.w.org\/{rel}","templated":true}]}}