{"id":9051,"date":"2021-06-21T08:18:40","date_gmt":"2021-06-21T06:18:40","guid":{"rendered":"https:\/\/projectes.xtec.cat\/educacioinclusiva\/?p=9051"},"modified":"2021-10-25T12:44:12","modified_gmt":"2021-10-25T10:44:12","slug":"dia-internacional-per-a-leducacio-no-sexista","status":"publish","type":"post","link":"https:\/\/projectes.xtec.cat\/educacioinclusiva\/general\/dia-internacional-per-a-leducacio-no-sexista\/","title":{"rendered":"Dia Internacional per a l&#8217;Educaci\u00f3 No Sexista"},"content":{"rendered":"<p>&nbsp;<\/p>\n<p><a href=\"https:\/\/projectes.xtec.cat\/educacioinclusiva\/wp-content\/uploads\/usu2065\/2021\/06\/21_J.jpg\"><img loading=\"lazy\" decoding=\"async\" class=\"aligncenter wp-image-9052\" src=\"https:\/\/projectes.xtec.cat\/educacioinclusiva\/wp-content\/uploads\/usu2065\/2021\/06\/21_J-1024x683.jpg\" alt=\"Dia Internacional per a l'Educaci\u00f3 No Sexista\" width=\"596\" height=\"397\" srcset=\"https:\/\/projectes.xtec.cat\/educacioinclusiva\/wp-content\/uploads\/usu2065\/2021\/06\/21_J-1024x683.jpg 1024w, https:\/\/projectes.xtec.cat\/educacioinclusiva\/wp-content\/uploads\/usu2065\/2021\/06\/21_J-300x200.jpg 300w, https:\/\/projectes.xtec.cat\/educacioinclusiva\/wp-content\/uploads\/usu2065\/2021\/06\/21_J-768x512.jpg 768w, https:\/\/projectes.xtec.cat\/educacioinclusiva\/wp-content\/uploads\/usu2065\/2021\/06\/21_J.jpg 1920w\" sizes=\"auto, (max-width: 596px) 100vw, 596px\" \/><\/a><\/p>\n<p>Com cada 21 de juny, recordem que cal superar el sexisme i l\u2019androcentrisme en la pr\u00e0ctica educativa. Per aconseguir-ho, cal que els i les docents i tota la comunitat educativa ens reinventem i treballem perqu\u00e8 l\u2019alumne\/alumna desenvolupi el propi potencial,\u00a0 creant un m\u00f3n m\u00e9s just per a dones i homes, educant persones completes i respectuoses.<\/p>\n<p>Cal treballar perqu\u00e8 la hist\u00f2ria de les dones i del feminisme formin part del curr\u00edculum, perqu\u00e8 els espais a l\u2019aula i al pati siguin compartits equitativament, perqu\u00e8 en l\u2019elecci\u00f3 dels estudis no hi hagi biaix de g\u00e8nere, perqu\u00e8 les difer\u00e8ncies de g\u00e8nere i de diversitat afectivosexual _ parant esment a altres condicionants com situacions de discapacitat, origen, classe no es converteixin en desigualtats&#8230;<\/p>\n<p>Cal treballar perqu\u00e8 el m\u00f3n de la cura sigui compartit per a nens i nenes, per a homes i dones, de manera que el desenvolupament de la compassi\u00f3 i la tendresa sigui un element identitari tamb\u00e9 de la construcci\u00f3 de la masculinitat.<\/p>\n<p>Us animem a consultar els recursos per a docents i per a tota la comunitat educativa a la xtec: <a href=\"http:\/\/xtec.gencat.cat\/ca\/curriculum\/coeducacio\/dates-interes\/Dia-Internacional-per-a-Educacio-No-Sexista\/\">http:\/\/xtec.gencat.cat\/ca\/curriculum\/coeducacio\/dates-interes\/Dia-Internacional-per-a-Educacio-No-Sexista\/<\/a><\/p>\n<p>#Lesescoleslliuresdeviolencies\u00a0#coeducat<\/p>\n","protected":false},"excerpt":{"rendered":"<p>Com cada 21 de juny, recordem que cal superar el sexisme i l\u2019androcentrisme en la pr\u00e0ctica educativa. Per aconseguir-ho, cal que els i les docents i tota la comunitat educativa ens reinventem i treballem perqu\u00e8 l\u2019alumne\/alumna desenvolupi el propi potencial,\u00a0 creant un m\u00f3n m\u00e9s just per a dones i homes, educant persones completes i respectuoses.&hellip;  <a href=\"https:\/\/projectes.xtec.cat\/educacioinclusiva\/general\/dia-internacional-per-a-leducacio-no-sexista\/\" title=\"Read Dia Internacional per a l&#8217;Educaci\u00f3 No Sexista\">Llegeix m\u00e9s\u00bb<\/a><\/p>\n","protected":false},"author":1,"featured_media":9052,"comment_status":"closed","ping_status":"closed","sticky":false,"template":"","format":"standard","meta":{"_bbp_topic_count":0,"_bbp_reply_count":0,"_bbp_total_topic_count":0,"_bbp_total_reply_count":0,"_bbp_voice_count":0,"_bbp_anonymous_reply_count":0,"_bbp_topic_count_hidden":0,"_bbp_reply_count_hidden":0,"_bbp_forum_subforum_count":0,"footnotes":""},"categories":[317,355,1,29,308],"tags":[],"class_list":["post-9051","post","type-post","status-publish","format-standard","has-post-thumbnail","hentry","category-igualtat","category-lliure-de-violencies","category-general","category-portada","category-projectes"],"post_mailing_queue_ids":[],"_links":{"self":[{"href":"https:\/\/projectes.xtec.cat\/educacioinclusiva\/wp-json\/wp\/v2\/posts\/9051","targetHints":{"allow":["GET"]}}],"collection":[{"href":"https:\/\/projectes.xtec.cat\/educacioinclusiva\/wp-json\/wp\/v2\/posts"}],"about":[{"href":"https:\/\/projectes.xtec.cat\/educacioinclusiva\/wp-json\/wp\/v2\/types\/post"}],"author":[{"embeddable":true,"href":"https:\/\/projectes.xtec.cat\/educacioinclusiva\/wp-json\/wp\/v2\/users\/1"}],"replies":[{"embeddable":true,"href":"https:\/\/projectes.xtec.cat\/educacioinclusiva\/wp-json\/wp\/v2\/comments?post=9051"}],"version-history":[{"count":3,"href":"https:\/\/projectes.xtec.cat\/educacioinclusiva\/wp-json\/wp\/v2\/posts\/9051\/revisions"}],"predecessor-version":[{"id":9055,"href":"https:\/\/projectes.xtec.cat\/educacioinclusiva\/wp-json\/wp\/v2\/posts\/9051\/revisions\/9055"}],"wp:featuredmedia":[{"embeddable":true,"href":"https:\/\/projectes.xtec.cat\/educacioinclusiva\/wp-json\/wp\/v2\/media\/9052"}],"wp:attachment":[{"href":"https:\/\/projectes.xtec.cat\/educacioinclusiva\/wp-json\/wp\/v2\/media?parent=9051"}],"wp:term":[{"taxonomy":"category","embeddable":true,"href":"https:\/\/projectes.xtec.cat\/educacioinclusiva\/wp-json\/wp\/v2\/categories?post=9051"},{"taxonomy":"post_tag","embeddable":true,"href":"https:\/\/projectes.xtec.cat\/educacioinclusiva\/wp-json\/wp\/v2\/tags?post=9051"}],"curies":[{"name":"wp","href":"https:\/\/api.w.org\/{rel}","templated":true}]}}