{"id":9085,"date":"2021-09-23T09:11:09","date_gmt":"2021-09-23T07:11:09","guid":{"rendered":"https:\/\/projectes.xtec.cat\/educacioinclusiva\/?p=9085"},"modified":"2021-10-08T19:32:46","modified_gmt":"2021-10-08T17:32:46","slug":"presentacio-de-la-guia-per-a-docents-de-lafanoc-per-acompanyar-lalumnat-amb-cancer-a-laula","status":"publish","type":"post","link":"https:\/\/projectes.xtec.cat\/educacioinclusiva\/portada\/presentacio-de-la-guia-per-a-docents-de-lafanoc-per-acompanyar-lalumnat-amb-cancer-a-laula\/","title":{"rendered":"Guia de l&#8217;AFANOC per a acompanyar l&#8217;alumnat amb c\u00e0ncer a l&#8217;aula"},"content":{"rendered":"<p><a href=\"https:\/\/projectes.xtec.cat\/educacioinclusiva\/wp-content\/uploads\/usu2065\/2021\/09\/Captura-de-Pantalla-2021-09-21-a-les-10.05.04-e1632296766569.png\"><img loading=\"lazy\" decoding=\"async\" class=\"aligncenter wp-image-9082\" src=\"https:\/\/projectes.xtec.cat\/educacioinclusiva\/wp-content\/uploads\/usu2065\/2021\/09\/Captura-de-Pantalla-2021-09-21-a-les-10.05.04-e1632211907728-1024x1010.png\" alt=\"Portada guia per a docent de l'AFANOC\" width=\"300\" height=\"296\" \/><\/a><\/p>\n<p>El proper dia 30 de setembre, als Cinemes Girona de Barcelona, es presentar\u00e0 la <strong>guia per a docents<\/strong> elaborada per l\u2019AFANOC (Associaci\u00f3 de familiars i Amics de Nens Oncol\u00f2gics de Catalunya) amb el t\u00edtol <strong>\u201cTenir un alumne amb c\u00e0ncer a l\u2019aula. Algunes orientacions\u201d<\/strong>.<\/p>\n<p>Aquest document ha estat creat a partir de la pr\u00f2pia experi\u00e8ncia de l\u2019AFANOC i amb el suport del Consorci d\u2019Educaci\u00f3 de Barcelona i del Departament d\u2019Educaci\u00f3 de la Generalitat de Catalunya.<\/p>\n<p>La guia, pret\u00e9n orientar i acompanyar als i les docents dels centres educatius que tenen algun alumne\/a amb diagn\u00f2stic de c\u00e0ncer. El document destaca el paper dels centres educatius i com poden acompanyar a l\u2019infant i la fam\u00edlia al llarg de tot el proc\u00e9s de la malaltia. Tamb\u00e9 ofereix recursos pr\u00e0ctics als i les docents per mantenir la vinculaci\u00f3 amb el centre i amb el grup-classe, amb propostes did\u00e0ctiques per treballar la realitat del c\u00e0ncer infantil a dins l\u2019aula. La guia va acompanyada d\u2019uns v\u00eddeos testimonials.<\/p>\n<p>Aquest document \u00e9s el resultat d\u2019un treball conjunt, dels i les docents de les aules hospital\u00e0ries i d\u2019atenci\u00f3 educativa domicili\u00e0ria del Departament d\u2019Educaci\u00f3, i dels i les professionals de la medecina, la psicologia i altres especialistes per oferir la seva perspectiva i la seva experi\u00e8ncia sobre com cal acompanyar durant aquest proc\u00e9s.<\/p>\n<p>La guia <strong>\u201cTenir un alumne amb c\u00e0ncer a l\u2019aula. Algunes orientacions\u201d<\/strong> \u00e9s una eina molt \u00fatil i interessant per els centres educatius per crear una sensibilitat m\u00e9s gran entorn d\u2019una malaltia<\/p>\n<p>&nbsp;<\/p>\n<p>&nbsp;<\/p>\n<p>&nbsp;<\/p>\n","protected":false},"excerpt":{"rendered":"<p><a href=\"https:\/\/projectes.xtec.cat\/educacioinclusiva\/wp-content\/uploads\/usu2065\/2021\/09\/Captura-de-Pantalla-2021-09-21-a-les-10.05.04-e1632296766569.png\"><\/a><br \/>\nEl proper dia 30 de setembre, als Cinemes Girona de Barcelona, es presentar\u00e0 la guia per a docents elaborada per l\u2019AFANOC (Associaci\u00f3 de familiars i Amics de Nens Oncol\u00f2gics de Catalunya) amb el t\u00edtol \u201cTenir un alumne amb c\u00e0ncer a l\u2019aula. Algunes orientacions\u201d.<br \/>\nAquest document&hellip;  <a href=\"https:\/\/projectes.xtec.cat\/educacioinclusiva\/portada\/presentacio-de-la-guia-per-a-docents-de-lafanoc-per-acompanyar-lalumnat-amb-cancer-a-laula\/\" title=\"Read Guia de l&#8217;AFANOC per a acompanyar l&#8217;alumnat amb c\u00e0ncer a l&#8217;aula\">Llegeix m\u00e9s\u00bb<\/a><\/p>\n","protected":false},"author":24,"featured_media":9082,"comment_status":"closed","ping_status":"closed","sticky":false,"template":"","format":"standard","meta":{"_bbp_topic_count":0,"_bbp_reply_count":0,"_bbp_total_topic_count":0,"_bbp_total_reply_count":0,"_bbp_voice_count":0,"_bbp_anonymous_reply_count":0,"_bbp_topic_count_hidden":0,"_bbp_reply_count_hidden":0,"_bbp_forum_subforum_count":0,"footnotes":""},"categories":[303,300,306,29,76,309,310],"tags":[336],"class_list":["post-9085","post","type-post","status-publish","format-standard","has-post-thumbnail","hentry","category-aed","category-ah","category-hd","category-portada","category-recursos","category-salutiescola","category-suport_inclusio","tag-publicacions"],"post_mailing_queue_ids":[],"_links":{"self":[{"href":"https:\/\/projectes.xtec.cat\/educacioinclusiva\/wp-json\/wp\/v2\/posts\/9085","targetHints":{"allow":["GET"]}}],"collection":[{"href":"https:\/\/projectes.xtec.cat\/educacioinclusiva\/wp-json\/wp\/v2\/posts"}],"about":[{"href":"https:\/\/projectes.xtec.cat\/educacioinclusiva\/wp-json\/wp\/v2\/types\/post"}],"author":[{"embeddable":true,"href":"https:\/\/projectes.xtec.cat\/educacioinclusiva\/wp-json\/wp\/v2\/users\/24"}],"replies":[{"embeddable":true,"href":"https:\/\/projectes.xtec.cat\/educacioinclusiva\/wp-json\/wp\/v2\/comments?post=9085"}],"version-history":[{"count":4,"href":"https:\/\/projectes.xtec.cat\/educacioinclusiva\/wp-json\/wp\/v2\/posts\/9085\/revisions"}],"predecessor-version":[{"id":9131,"href":"https:\/\/projectes.xtec.cat\/educacioinclusiva\/wp-json\/wp\/v2\/posts\/9085\/revisions\/9131"}],"wp:featuredmedia":[{"embeddable":true,"href":"https:\/\/projectes.xtec.cat\/educacioinclusiva\/wp-json\/wp\/v2\/media\/9082"}],"wp:attachment":[{"href":"https:\/\/projectes.xtec.cat\/educacioinclusiva\/wp-json\/wp\/v2\/media?parent=9085"}],"wp:term":[{"taxonomy":"category","embeddable":true,"href":"https:\/\/projectes.xtec.cat\/educacioinclusiva\/wp-json\/wp\/v2\/categories?post=9085"},{"taxonomy":"post_tag","embeddable":true,"href":"https:\/\/projectes.xtec.cat\/educacioinclusiva\/wp-json\/wp\/v2\/tags?post=9085"}],"curies":[{"name":"wp","href":"https:\/\/api.w.org\/{rel}","templated":true}]}}