{"id":9097,"date":"2021-09-23T08:52:20","date_gmt":"2021-09-23T06:52:20","guid":{"rendered":"https:\/\/projectes.xtec.cat\/educacioinclusiva\/?p=9097"},"modified":"2021-09-23T12:34:09","modified_gmt":"2021-09-23T10:34:09","slug":"els-contes-les-gotes-viatgeres-i-les-gotes-viatgeres-van-a-linstitut-arriben-a-les-nostres-escoles-per-fomentar-la-donacio-de-sang","status":"publish","type":"post","link":"https:\/\/projectes.xtec.cat\/educacioinclusiva\/general\/els-contes-les-gotes-viatgeres-i-les-gotes-viatgeres-van-a-linstitut-arriben-a-les-nostres-escoles-per-fomentar-la-donacio-de-sang\/","title":{"rendered":"Els contes &#8220;Les gotes viatgeres&#8221; i &#8220;Les gotes viatgeres van a l&#8217;Institut&#8221; arriben a les nostres escoles per fomentar la donaci\u00f3 de sang"},"content":{"rendered":"<p><a href=\"https:\/\/projectes.xtec.cat\/educacioinclusiva\/wp-content\/uploads\/usu2065\/2021\/09\/gotes-viatgeres-1.png\"><img loading=\"lazy\" decoding=\"async\" class=\"wp-image-9096 alignright\" src=\"https:\/\/projectes.xtec.cat\/educacioinclusiva\/wp-content\/uploads\/usu2065\/2021\/09\/gotes-viatgeres-1.png\" alt=\"\" width=\"285\" height=\"325\" srcset=\"https:\/\/projectes.xtec.cat\/educacioinclusiva\/wp-content\/uploads\/usu2065\/2021\/09\/gotes-viatgeres-1.png 397w, https:\/\/projectes.xtec.cat\/educacioinclusiva\/wp-content\/uploads\/usu2065\/2021\/09\/gotes-viatgeres-1-263x300.png 263w\" sizes=\"auto, (max-width: 285px) 100vw, 285px\" \/><\/a>El passat 14 de Juny, coincidint amb el dia del i la donant de sang, la Federaci\u00f3 de donants de Sang de Catalunya, va realitzar <strong>un acte per homenatjar<\/strong> a 7 persones de les diferents regions sanit\u00e0ries de Catalunya. Una d\u2019elles, va ser Sra. <strong>To\u00f1y Castillo<\/strong>, Doctora\u00a0 per la Universitat de Lleida (UDL) i docent de l&#8217;Aula Hospital\u00e0ria Dr. Antoni Cambrod\u00ed, de l&#8217;Hospital Universitari Arnau de Vilanova de Lleida, autora dels llibres de \u201c<strong><a href=\"https:\/\/www.donantsdesang.cat\/sites\/default\/files\/2020-11\/conte-les-gotes-viatgeres-secundaria_0.pdf\" target=\"_blank\" rel=\"noopener\">Les gotes viatgeres van a l\u2019institut<\/a>\u201d i \u201c<a href=\"https:\/\/www.donantsdesang.cat\/sites\/default\/files\/2021-09\/lesgotesviatgeres_primaria.pdf\" target=\"_blank\" rel=\"noopener\">Les gotes viatgeres<\/a>\u201d.<\/strong><\/p>\n<p>Aquests contes creats per la To\u00f1y per a la <strong>Federaci\u00f3 Catalana de Donants de Sang<\/strong>, pretenen aprofundir en la solidaritat i el civisme dels infants i dels i de les adolescents, per tal de dotar-los de recursos i eines que potenci\u00efn els valors solidaris i altruistes.<\/p>\n<p>L\u2019autora, ens parla sobre l\u2019educaci\u00f3 com un fet integral, fent que la uni\u00f3 entre pedagogia i salut, esdevingui imprescindible per afavorir l\u2019actitud positiva dels nois i les noies durant el seu tractament. Tamb\u00e9 vol incidir en l\u2019educaci\u00f3 en valors, que ha d\u2019estar present en qualsevol ideari familiar i escolar des d\u2019edats primerenques, amb l\u2019objectiu d\u2019ajudar a formar persones emp\u00e0tiques i responsables.<\/p>\n<p>Aquests contes s\u00f3n un bon recurs per potenciar el creixement global de l\u2019infant, ja que la formaci\u00f3 en contextos reflexius, cr\u00edtics i emocionals, genera respostes assertives i principis basats en el benestar envers un mateix i tamb\u00e9 envers els altres.<\/p>\n","protected":false},"excerpt":{"rendered":"<p>To\u00f1y Castillo crea els llibres &#8220;les gotes viatgeres&#8221;&hellip;  <a href=\"https:\/\/projectes.xtec.cat\/educacioinclusiva\/general\/els-contes-les-gotes-viatgeres-i-les-gotes-viatgeres-van-a-linstitut-arriben-a-les-nostres-escoles-per-fomentar-la-donacio-de-sang\/\" title=\"Read Els contes &#8220;Les gotes viatgeres&#8221; i &#8220;Les gotes viatgeres van a l&#8217;Institut&#8221; arriben a les nostres escoles per fomentar la donaci\u00f3 de sang\">Llegeix m\u00e9s\u00bb<\/a><\/p>\n","protected":false},"author":24,"featured_media":9093,"comment_status":"closed","ping_status":"closed","sticky":false,"template":"","format":"standard","meta":{"_bbp_topic_count":0,"_bbp_reply_count":0,"_bbp_total_topic_count":0,"_bbp_total_reply_count":0,"_bbp_voice_count":0,"_bbp_anonymous_reply_count":0,"_bbp_topic_count_hidden":0,"_bbp_reply_count_hidden":0,"_bbp_forum_subforum_count":0,"footnotes":""},"categories":[303,300,1,29,309],"tags":[336,341],"class_list":["post-9097","post","type-post","status-publish","format-standard","has-post-thumbnail","hentry","category-aed","category-ah","category-general","category-portada","category-salutiescola","tag-publicacions","tag-recursos"],"post_mailing_queue_ids":[],"_links":{"self":[{"href":"https:\/\/projectes.xtec.cat\/educacioinclusiva\/wp-json\/wp\/v2\/posts\/9097","targetHints":{"allow":["GET"]}}],"collection":[{"href":"https:\/\/projectes.xtec.cat\/educacioinclusiva\/wp-json\/wp\/v2\/posts"}],"about":[{"href":"https:\/\/projectes.xtec.cat\/educacioinclusiva\/wp-json\/wp\/v2\/types\/post"}],"author":[{"embeddable":true,"href":"https:\/\/projectes.xtec.cat\/educacioinclusiva\/wp-json\/wp\/v2\/users\/24"}],"replies":[{"embeddable":true,"href":"https:\/\/projectes.xtec.cat\/educacioinclusiva\/wp-json\/wp\/v2\/comments?post=9097"}],"version-history":[{"count":4,"href":"https:\/\/projectes.xtec.cat\/educacioinclusiva\/wp-json\/wp\/v2\/posts\/9097\/revisions"}],"predecessor-version":[{"id":9113,"href":"https:\/\/projectes.xtec.cat\/educacioinclusiva\/wp-json\/wp\/v2\/posts\/9097\/revisions\/9113"}],"wp:featuredmedia":[{"embeddable":true,"href":"https:\/\/projectes.xtec.cat\/educacioinclusiva\/wp-json\/wp\/v2\/media\/9093"}],"wp:attachment":[{"href":"https:\/\/projectes.xtec.cat\/educacioinclusiva\/wp-json\/wp\/v2\/media?parent=9097"}],"wp:term":[{"taxonomy":"category","embeddable":true,"href":"https:\/\/projectes.xtec.cat\/educacioinclusiva\/wp-json\/wp\/v2\/categories?post=9097"},{"taxonomy":"post_tag","embeddable":true,"href":"https:\/\/projectes.xtec.cat\/educacioinclusiva\/wp-json\/wp\/v2\/tags?post=9097"}],"curies":[{"name":"wp","href":"https:\/\/api.w.org\/{rel}","templated":true}]}}