{"id":9149,"date":"2021-11-08T11:16:13","date_gmt":"2021-11-08T10:16:13","guid":{"rendered":"https:\/\/projectes.xtec.cat\/educacioinclusiva\/?p=9149"},"modified":"2023-02-20T10:01:23","modified_gmt":"2023-02-20T09:01:23","slug":"seminaris-en-linia-sobre-els-infants-adolescents-i-joves-que-migren-sols","status":"publish","type":"post","link":"https:\/\/projectes.xtec.cat\/educacioinclusiva\/general\/seminaris-en-linia-sobre-els-infants-adolescents-i-joves-que-migren-sols\/","title":{"rendered":"Seminaris en l\u00ednia sobre els infants, adolescents i joves que migren sols"},"content":{"rendered":"<div style=\"position: relative; width: 100%; height: 0; padding-top: 57.5080%; padding-bottom: 48px; box-shadow: 0 2px 8px 0 rgba(63,69,81,0.16); margin-top: 1.6em; margin-bottom: 0.9em; overflow: hidden; border-radius: 8px; will-change: transform;\"><iframe style=\"position: absolute; width: 100%; height: 100%; top: 0; left: 0; border: none; padding: 0; margin: 0;\" src=\"https:\/\/www.canva.com\/design\/DAEva4cYvEI\/view?embed\"><br \/>\n<\/iframe><\/div>\n<p>Dins del cicle de seminaris en l\u00ednia d\u2019educaci\u00f3 inclusiva, el dia <strong>16 de novembre a les 17:30h s\u2019estrena una s\u00e8rie de 5 seminaris dedicats als \u00a0infants, adolescents i joves que migren sols<\/strong>. Aquets seminaris tenen per objectiu donar a con\u00e8ixer millor la realitat d&#8217;aquests infants i joves que arriben a Catalunya, els obstacles als que s\u2019han d\u2019afrontar i les oportunitats amb les que compten.<\/p>\n<p>Per tal de poder endinsar-nos en la realitat d\u2019aquests nois i noies que provenen de diferents pa\u00efsos i de realitats familiars i socials molt heterog\u00e8nies i amb itineraris diversos, cada seminari comptar\u00e0 amb dos ponents que, sota la coordinaci\u00f3 del Jordi P\u00e0mies, Dr. en Antropologia Social i Cultural i el Mustapha Aoulad, M\u00e0ster en An\u00e0lisi i Intervenci\u00f3 en Conflictes Socials, posar\u00e0 la mirada en un aspecte diferent del proc\u00e9s migratori, de l\u2019arribada i l\u2019abordatge educatiu al col\u00b7lectiu vulnerable del joves migrats sols.<\/p>\n<p>En el <a href=\"https:\/\/youtu.be\/Cp0vpiUvdLQ\" target=\"_blank\" rel=\"noopener\">primer seminari<\/a>, parlarem de la situaci\u00f3 dels joves que arriben a Catalunya i les causes que els empenyen a migrar i del concepte que utilitzem per referir-nos a ells, de la m\u00e0 dels mateixos Jordi P\u00e0mies i el Mustapha Aoulad.<\/p>\n<p>Aprofundirem, amb la Coordinadora de Programes d&#8217;Acci\u00f3 Social de la Fundaci\u00f3 Pere Tarr\u00e9s, Montse Soria i la Berta G\u00f3mez, t\u00e8cnica psic\u00f2loga de la Unitat d\u2019Adolescents i Joves migrats sols de la Direcci\u00f3 General d\u2019Atenci\u00f3 a la Inf\u00e0ncia i l\u2019Adolesc\u00e8ncia, sobre els perfils dels joves i les seves expectatives. Coneixerem quina \u00e9s l\u2019atenci\u00f3 que reben des del sistema de protecci\u00f3 i farem una aproximaci\u00f3 jur\u00eddica a la situaci\u00f3 dels adolescents i joves que migren sols.<\/p>\n<p>L\u2019Almudena Gonz\u00e1lez, jurista d&#8217;inf\u00e0ncia al Consell Comarcal del Vall\u00e8s Oriental i en David Moya, professor Agregat de Dret Constitucional, ens donaran a con\u00e8ixer en el tercer seminari, les actuacions que els correspon fer a les Administracions, els drets i les condicions que tenen els menors per poder accedir a l\u2019educaci\u00f3, al treball o a la documentaci\u00f3.<\/p>\n<p>En el quart seminari, aprofundirem en la quotidianitat dels centres i en les figures professionals que fan possible l\u2019acompanyament a les traject\u00f2ries dels joves i adolescents, amb el mediador a la fundaci\u00f3 Iniciatives Solid\u00e0ries en Taoufik Salmoune, i amb l\u2019Oriol Janer, director i educador social del centre de dia \u201cLa casa dels Joves\u201d.<\/p>\n<p>I en el darrer seminari, veurem com en ocasions les necessitats superen la capacitat de resposta institucional, fent que adquireixen rellev\u00e0ncia les respostes que es donen des de la societat civil. Ens aproparem a dues experi\u00e8ncies des de l\u2019activisme social i comprom\u00e8s explicades per la Laia Costa, activista jur\u00eddica pel dret a la mobilitat humana i el David Garcia, responsable de \u201cPROLLEMA, ensenyant llengua materna\u201d.<\/p>\n<p>Aquesta s\u00e8rie de cicle de seminaris en L\u00ednia comen\u00e7aran el proper dimarts dia 16 de novembre a les 17:30h. i s\u2019aniran emetent els dimarts cada quinze dies a la mateixa hora.<\/p>\n<p>Aquests seminaris estaran penjats al Canal de youtube d\u2019Educaci\u00f3 i s\u00f3n oberts a tothom. Trobareu els enlla\u00e7os a la cap\u00e7alera d&#8217;aquesta not\u00edcia o la portada del <a href=\"https:\/\/projectes.xtec.cat\/educacioinclusiva\/\">Nodes d\u2019educaci\u00f3 inclusiva<\/a> el dia de l\u2019estrena.<\/p>\n<p>&nbsp;<\/p>\n<p>&nbsp;<\/p>\n","protected":false},"excerpt":{"rendered":"<p>Dins del cicle de seminaris en l\u00ednia d\u2019educaci\u00f3 inclusiva, el dia 16 de novembre a les 17:30h s\u2019estrena una s\u00e8rie de 5 seminaris dedicats als \u00a0infants, adolescents i joves que migren sols. Aquets seminaris tenen per objectiu donar a con\u00e8ixer millor la realitat d&#8217;aquests infants&hellip;  <a href=\"https:\/\/projectes.xtec.cat\/educacioinclusiva\/general\/seminaris-en-linia-sobre-els-infants-adolescents-i-joves-que-migren-sols\/\" title=\"Read Seminaris en l\u00ednia sobre els infants, adolescents i joves que migren sols\">Llegeix m\u00e9s\u00bb<\/a><\/p>\n","protected":false},"author":4,"featured_media":9150,"comment_status":"closed","ping_status":"closed","sticky":false,"template":"","format":"standard","meta":{"_bbp_topic_count":0,"_bbp_reply_count":0,"_bbp_total_topic_count":0,"_bbp_total_reply_count":0,"_bbp_voice_count":0,"_bbp_anonymous_reply_count":0,"_bbp_topic_count_hidden":0,"_bbp_reply_count_hidden":0,"_bbp_forum_subforum_count":0,"footnotes":""},"categories":[380,1,29],"tags":[],"class_list":["post-9149","post","type-post","status-publish","format-standard","has-post-thumbnail","hentry","category-capsules-formatives","category-general","category-portada"],"post_mailing_queue_ids":[],"_links":{"self":[{"href":"https:\/\/projectes.xtec.cat\/educacioinclusiva\/wp-json\/wp\/v2\/posts\/9149","targetHints":{"allow":["GET"]}}],"collection":[{"href":"https:\/\/projectes.xtec.cat\/educacioinclusiva\/wp-json\/wp\/v2\/posts"}],"about":[{"href":"https:\/\/projectes.xtec.cat\/educacioinclusiva\/wp-json\/wp\/v2\/types\/post"}],"author":[{"embeddable":true,"href":"https:\/\/projectes.xtec.cat\/educacioinclusiva\/wp-json\/wp\/v2\/users\/4"}],"replies":[{"embeddable":true,"href":"https:\/\/projectes.xtec.cat\/educacioinclusiva\/wp-json\/wp\/v2\/comments?post=9149"}],"version-history":[{"count":3,"href":"https:\/\/projectes.xtec.cat\/educacioinclusiva\/wp-json\/wp\/v2\/posts\/9149\/revisions"}],"predecessor-version":[{"id":9160,"href":"https:\/\/projectes.xtec.cat\/educacioinclusiva\/wp-json\/wp\/v2\/posts\/9149\/revisions\/9160"}],"wp:featuredmedia":[{"embeddable":true,"href":"https:\/\/projectes.xtec.cat\/educacioinclusiva\/wp-json\/wp\/v2\/media\/9150"}],"wp:attachment":[{"href":"https:\/\/projectes.xtec.cat\/educacioinclusiva\/wp-json\/wp\/v2\/media?parent=9149"}],"wp:term":[{"taxonomy":"category","embeddable":true,"href":"https:\/\/projectes.xtec.cat\/educacioinclusiva\/wp-json\/wp\/v2\/categories?post=9149"},{"taxonomy":"post_tag","embeddable":true,"href":"https:\/\/projectes.xtec.cat\/educacioinclusiva\/wp-json\/wp\/v2\/tags?post=9149"}],"curies":[{"name":"wp","href":"https:\/\/api.w.org\/{rel}","templated":true}]}}