{"id":9166,"date":"2021-11-25T09:07:13","date_gmt":"2021-11-25T08:07:13","guid":{"rendered":"https:\/\/projectes.xtec.cat\/educacioinclusiva\/?p=9166"},"modified":"2021-11-25T09:07:13","modified_gmt":"2021-11-25T08:07:13","slug":"dia-internacional-per-a-leliminacio-de-la-violencia-envers-les-dones-2021","status":"publish","type":"post","link":"https:\/\/projectes.xtec.cat\/educacioinclusiva\/general\/dia-internacional-per-a-leliminacio-de-la-violencia-envers-les-dones-2021\/","title":{"rendered":"Dia internacional per a l\u2019eliminaci\u00f3 de la viol\u00e8ncia envers les dones 2021"},"content":{"rendered":"<p><a href=\"https:\/\/projectes.xtec.cat\/educacioinclusiva\/general\/dia-internacional-per-a-leliminacio-de-la-violencia-envers-les-dones-2021\/attachment\/25n\/\" rel=\"attachment wp-att-9167\"><img loading=\"lazy\" decoding=\"async\" class=\"alignright size-medium wp-image-9167\" src=\"https:\/\/projectes.xtec.cat\/educacioinclusiva\/wp-content\/uploads\/usu2065\/2021\/11\/25N-300x300.jpg\" alt=\"\" width=\"300\" height=\"300\" srcset=\"https:\/\/projectes.xtec.cat\/educacioinclusiva\/wp-content\/uploads\/usu2065\/2021\/11\/25N-300x300.jpg 300w, https:\/\/projectes.xtec.cat\/educacioinclusiva\/wp-content\/uploads\/usu2065\/2021\/11\/25N-150x150.jpg 150w, https:\/\/projectes.xtec.cat\/educacioinclusiva\/wp-content\/uploads\/usu2065\/2021\/11\/25N.jpg 538w\" sizes=\"auto, (max-width: 300px) 100vw, 300px\" \/><\/a><\/p>\n<p>Des del Departament d\u2019Educaci\u00f3, a prop\u00f2sit del\u00a0<a href=\"https:\/\/dones.gencat.cat\/ca\/inici\/\" target=\"_blank\" rel=\"noopener\">Dia internacional per a l\u2019eliminaci\u00f3 de la viol\u00e8ncia envers les dones<\/a>, ens sumem a la\u00a0<a href=\"https:\/\/www.unwomen.org\/en\/what-we-do\/ending-violence-against-women\/take-action\" target=\"_blank\" rel=\"noopener\">Campanya UNEIX-TE d\u2019aqu\u00ed al 2030 per posar fi a la viol\u00e8ncia contra les dones<\/a>,\u00a0d\u2019ONU Dones, a fi de mostrar el rebuig vers la viol\u00e8ncia que colpeja nenes i dones i manifestar la necessitat de donar una resposta a la viol\u00e8ncia estructural que \u00e9s la viol\u00e8ncia masclista.<\/p>\n<p>Per a l\u2019abordatge de la viol\u00e8ncia masclista des de la comunitat educativa, ens cal educar i reeducar lliures d\u2019estereotips sexistes, en relacions sexoafectives sanes, ens cal recon\u00e8ixer una viol\u00e8ncia que sovint s\u2019ha tendit a invisibilitzar i donar-hi resposta.<\/p>\n<p>Des dels centres educatius, us proposem que dugueu a terme actuacions concretes amb la finalitat de promoure un canvi d\u2019actituds, creences i comportaments per part de tota la comunitat educativa.<\/p>\n<p>Difoneu les fotos o v\u00eddeos de les vostres actuacions a les xarxes socials amb l&#8217;etiqueta <strong>#25n #LesEscolesLliuresDeViol\u00e8ncies #ProgramaCoeducat #desemmascarem <\/strong>amb menci\u00f3<strong> @xtec.<\/strong><\/p>\n<p><strong>En <a href=\"http:\/\/xtec.gencat.cat\/ca\/centres\/celebracions\/2021\/eliminacio-violencia-dones\/\" target=\"_blank\" rel=\"noopener\">aquest enlla\u00e7<\/a> trobareu propostes d&#8217;activitats a dur a terme als centres educatius, tant a prop\u00f2sit del 25 de novembre com al llarg del curs.<\/strong><\/p>\n<p>&nbsp;<\/p>\n","protected":false},"excerpt":{"rendered":"<p><a href=\"https:\/\/projectes.xtec.cat\/educacioinclusiva\/general\/dia-internacional-per-a-leliminacio-de-la-violencia-envers-les-dones-2021\/attachment\/25n\/\" rel=\"attachment wp-att-9167\"><\/a><br \/>\nDes del Departament d\u2019Educaci\u00f3, a prop\u00f2sit del\u00a0<a href=\"https:\/\/dones.gencat.cat\/ca\/inici\/\" target=\"_blank\" rel=\"noopener\">Dia internacional per a l\u2019eliminaci\u00f3 de la viol\u00e8ncia envers les dones<\/a>, ens sumem a la\u00a0<a href=\"https:\/\/www.unwomen.org\/en\/what-we-do\/ending-violence-against-women\/take-action\" target=\"_blank\" rel=\"noopener\">Campanya UNEIX-TE d\u2019aqu\u00ed al 2030 per posar fi a la viol\u00e8ncia contra les dones<\/a>,\u00a0d\u2019ONU Dones, a&hellip;  <a href=\"https:\/\/projectes.xtec.cat\/educacioinclusiva\/general\/dia-internacional-per-a-leliminacio-de-la-violencia-envers-les-dones-2021\/\" title=\"Read Dia internacional per a l\u2019eliminaci\u00f3 de la viol\u00e8ncia envers les dones 2021\">Llegeix m\u00e9s\u00bb<\/a><\/p>\n","protected":false},"author":4,"featured_media":9167,"comment_status":"closed","ping_status":"closed","sticky":false,"template":"","format":"standard","meta":{"_bbp_topic_count":0,"_bbp_reply_count":0,"_bbp_total_topic_count":0,"_bbp_total_reply_count":0,"_bbp_voice_count":0,"_bbp_anonymous_reply_count":0,"_bbp_topic_count_hidden":0,"_bbp_reply_count_hidden":0,"_bbp_forum_subforum_count":0,"footnotes":""},"categories":[317,355,1,29],"tags":[],"class_list":["post-9166","post","type-post","status-publish","format-standard","has-post-thumbnail","hentry","category-igualtat","category-lliure-de-violencies","category-general","category-portada"],"post_mailing_queue_ids":[],"_links":{"self":[{"href":"https:\/\/projectes.xtec.cat\/educacioinclusiva\/wp-json\/wp\/v2\/posts\/9166","targetHints":{"allow":["GET"]}}],"collection":[{"href":"https:\/\/projectes.xtec.cat\/educacioinclusiva\/wp-json\/wp\/v2\/posts"}],"about":[{"href":"https:\/\/projectes.xtec.cat\/educacioinclusiva\/wp-json\/wp\/v2\/types\/post"}],"author":[{"embeddable":true,"href":"https:\/\/projectes.xtec.cat\/educacioinclusiva\/wp-json\/wp\/v2\/users\/4"}],"replies":[{"embeddable":true,"href":"https:\/\/projectes.xtec.cat\/educacioinclusiva\/wp-json\/wp\/v2\/comments?post=9166"}],"version-history":[{"count":2,"href":"https:\/\/projectes.xtec.cat\/educacioinclusiva\/wp-json\/wp\/v2\/posts\/9166\/revisions"}],"predecessor-version":[{"id":9169,"href":"https:\/\/projectes.xtec.cat\/educacioinclusiva\/wp-json\/wp\/v2\/posts\/9166\/revisions\/9169"}],"wp:featuredmedia":[{"embeddable":true,"href":"https:\/\/projectes.xtec.cat\/educacioinclusiva\/wp-json\/wp\/v2\/media\/9167"}],"wp:attachment":[{"href":"https:\/\/projectes.xtec.cat\/educacioinclusiva\/wp-json\/wp\/v2\/media?parent=9166"}],"wp:term":[{"taxonomy":"category","embeddable":true,"href":"https:\/\/projectes.xtec.cat\/educacioinclusiva\/wp-json\/wp\/v2\/categories?post=9166"},{"taxonomy":"post_tag","embeddable":true,"href":"https:\/\/projectes.xtec.cat\/educacioinclusiva\/wp-json\/wp\/v2\/tags?post=9166"}],"curies":[{"name":"wp","href":"https:\/\/api.w.org\/{rel}","templated":true}]}}