{"id":9224,"date":"2022-02-23T17:51:24","date_gmt":"2022-02-23T16:51:24","guid":{"rendered":"https:\/\/projectes.xtec.cat\/educacioinclusiva\/?p=9224"},"modified":"2023-02-20T10:00:18","modified_gmt":"2023-02-20T09:00:18","slug":"el-treball-amb-les-families-en-latencio-primerenca","status":"publish","type":"post","link":"https:\/\/projectes.xtec.cat\/educacioinclusiva\/general\/el-treball-amb-les-families-en-latencio-primerenca\/","title":{"rendered":"El treball amb les fam\u00edlies en l&#8217;atenci\u00f3 primerenca"},"content":{"rendered":"<p><iframe loading=\"lazy\" title=\"YouTube video player\" src=\"https:\/\/www.youtube.com\/embed\/7K8ZUYW0d-c\" width=\"560\" height=\"315\" frameborder=\"0\" allowfullscreen=\"allowfullscreen\"><\/iframe><\/p>\n<p>Ens plau compartir-vos el seminari en l\u00ednia que vam fer pels professionals del CREDA sobre el treball amb fam\u00edlies en l&#8217;atenci\u00f3 primerenca, el 15 de novembre de 2021, a c\u00e0rrec de la Cl\u00e0udia Tatiana Escorcia. L&#8217;objectiu \u00e9s descriure de forma general les actuacions claus que promouen la col\u00b7laboraci\u00f3 entre la fam\u00edlia i els professionals d&#8217;atenci\u00f3 primerenca.\u00a0 Les pr\u00e0ctiques recomanades en l&#8217;atenci\u00f3 primerenca tenen com a objectiu recolzar i enfortir canvis significatius en el funcionament dels infants i les seves fam\u00edlies en els entorns en els quals aprenen. Per tant, \u00e9s fonamental que els professionals adquireixin les compet\u00e8ncies necess\u00e0ries per tal d&#8217;establir relacions de col\u00b7laboraci\u00f3 amb les fam\u00edlies, que resultin efectives, eficients i eficaces i ajudin a millorar el desenvolupament global de l&#8217;infant.<\/p>\n<p>#Educacioinclusiva<\/p>\n","protected":false},"excerpt":{"rendered":"<p>Ens plau compartir-vos el seminari en l\u00ednia que vam fer pels professionals del CREDA sobre el treball amb fam\u00edlies en l&#8217;atenci\u00f3 primerenca, el 15 de novembre de 2021, a c\u00e0rrec de la Cl\u00e0udia Tatiana Escorcia. L&#8217;objectiu \u00e9s descriure de forma general les actuacions claus que&hellip;  <a href=\"https:\/\/projectes.xtec.cat\/educacioinclusiva\/general\/el-treball-amb-les-families-en-latencio-primerenca\/\" title=\"Read El treball amb les fam\u00edlies en l&#8217;atenci\u00f3 primerenca\">Llegeix m\u00e9s\u00bb<\/a><\/p>\n","protected":false},"author":4,"featured_media":9225,"comment_status":"closed","ping_status":"closed","sticky":false,"template":"","format":"standard","meta":{"_bbp_topic_count":0,"_bbp_reply_count":0,"_bbp_total_topic_count":0,"_bbp_total_reply_count":0,"_bbp_voice_count":0,"_bbp_anonymous_reply_count":0,"_bbp_topic_count_hidden":0,"_bbp_reply_count_hidden":0,"_bbp_forum_subforum_count":0,"footnotes":""},"categories":[380,312,1,29,310],"tags":[],"class_list":["post-9224","post","type-post","status-publish","format-standard","has-post-thumbnail","hentry","category-capsules-formatives","category-creda","category-general","category-portada","category-suport_inclusio"],"post_mailing_queue_ids":[],"_links":{"self":[{"href":"https:\/\/projectes.xtec.cat\/educacioinclusiva\/wp-json\/wp\/v2\/posts\/9224","targetHints":{"allow":["GET"]}}],"collection":[{"href":"https:\/\/projectes.xtec.cat\/educacioinclusiva\/wp-json\/wp\/v2\/posts"}],"about":[{"href":"https:\/\/projectes.xtec.cat\/educacioinclusiva\/wp-json\/wp\/v2\/types\/post"}],"author":[{"embeddable":true,"href":"https:\/\/projectes.xtec.cat\/educacioinclusiva\/wp-json\/wp\/v2\/users\/4"}],"replies":[{"embeddable":true,"href":"https:\/\/projectes.xtec.cat\/educacioinclusiva\/wp-json\/wp\/v2\/comments?post=9224"}],"version-history":[{"count":1,"href":"https:\/\/projectes.xtec.cat\/educacioinclusiva\/wp-json\/wp\/v2\/posts\/9224\/revisions"}],"predecessor-version":[{"id":9226,"href":"https:\/\/projectes.xtec.cat\/educacioinclusiva\/wp-json\/wp\/v2\/posts\/9224\/revisions\/9226"}],"wp:featuredmedia":[{"embeddable":true,"href":"https:\/\/projectes.xtec.cat\/educacioinclusiva\/wp-json\/wp\/v2\/media\/9225"}],"wp:attachment":[{"href":"https:\/\/projectes.xtec.cat\/educacioinclusiva\/wp-json\/wp\/v2\/media?parent=9224"}],"wp:term":[{"taxonomy":"category","embeddable":true,"href":"https:\/\/projectes.xtec.cat\/educacioinclusiva\/wp-json\/wp\/v2\/categories?post=9224"},{"taxonomy":"post_tag","embeddable":true,"href":"https:\/\/projectes.xtec.cat\/educacioinclusiva\/wp-json\/wp\/v2\/tags?post=9224"}],"curies":[{"name":"wp","href":"https:\/\/api.w.org\/{rel}","templated":true}]}}