{"id":9274,"date":"2022-04-19T11:30:42","date_gmt":"2022-04-19T09:30:42","guid":{"rendered":"https:\/\/projectes.xtec.cat\/educacioinclusiva\/?p=9274"},"modified":"2023-02-20T09:57:58","modified_gmt":"2023-02-20T08:57:58","slug":"dificultats-del-llenguatge-en-infants-adoptats","status":"publish","type":"post","link":"https:\/\/projectes.xtec.cat\/educacioinclusiva\/general\/dificultats-del-llenguatge-en-infants-adoptats\/","title":{"rendered":"Dificultats del llenguatge en infants adoptats"},"content":{"rendered":"<p style=\"text-align: center;\"><iframe loading=\"lazy\" title=\"YouTube video player\" src=\"\/\/www.youtube.com\/embed\/Hya87yrX2xI\" width=\"560\" height=\"315\" frameborder=\"0\" allowfullscreen=\"allowfullscreen\"><\/iframe><\/p>\n<p>&nbsp;<\/p>\n<p>Avui us volem compartir una capsula formativa, que es va fer pels professionals del CREDA, sobre<strong> les dificultats del llenguatge en infants adoptats <\/strong>amb la Mireia Sala, pedagoga i logopeda, especialitzada en dificultats del llenguatge i l&#8217;aprenentatge, i m\u00e9s concretament en el llenguatge en els infants adoptats. Ens parla de l\u2019impacte de la institucionalitzaci\u00f3 i de les conseq\u00fc\u00e8ncies del canvi sobtat d\u2019idioma en la funci\u00f3 comunicativa i representativa del llenguatge. Ens mostra tamb\u00e9 l\u2019evoluci\u00f3 de les adopcions a Catalunya i com el context condiciona la gestaci\u00f3, el naixement i els primers anys de vida. Ens ajuda a con\u00e8ixer i a entendre les dificultats que sovint poden trobar els nostres alumnes a les aules.<\/p>\n<p>Si vols<a href=\"https:\/\/youtu.be\/Hya87yrX2xI\" target=\"_blank\" rel=\"noopener\"> saber-ne m\u00e9s<\/a> no et perdis aquesta c\u00e0psula formativa que avui us compartim.<\/p>\n","protected":false},"excerpt":{"rendered":"<p>&nbsp;<br \/>\nAvui us volem compartir una capsula formativa, que es va fer pels professionals del CREDA, sobre les dificultats del llenguatge en infants adoptats amb la Mireia Sala, pedagoga i logopeda, especialitzada en dificultats del llenguatge i l&#8217;aprenentatge, i m\u00e9s concretament en el llenguatge en els&hellip;  <a href=\"https:\/\/projectes.xtec.cat\/educacioinclusiva\/general\/dificultats-del-llenguatge-en-infants-adoptats\/\" title=\"Read Dificultats del llenguatge en infants adoptats\">Llegeix m\u00e9s\u00bb<\/a><\/p>\n","protected":false},"author":4,"featured_media":9277,"comment_status":"closed","ping_status":"closed","sticky":false,"template":"","format":"standard","meta":{"_bbp_topic_count":0,"_bbp_reply_count":0,"_bbp_total_topic_count":0,"_bbp_total_reply_count":0,"_bbp_voice_count":0,"_bbp_anonymous_reply_count":0,"_bbp_topic_count_hidden":0,"_bbp_reply_count_hidden":0,"_bbp_forum_subforum_count":0,"footnotes":""},"categories":[380,312,1,29],"tags":[371],"class_list":["post-9274","post","type-post","status-publish","format-standard","has-post-thumbnail","hentry","category-capsules-formatives","category-creda","category-general","category-portada","tag-capsula-formativa"],"post_mailing_queue_ids":[],"_links":{"self":[{"href":"https:\/\/projectes.xtec.cat\/educacioinclusiva\/wp-json\/wp\/v2\/posts\/9274","targetHints":{"allow":["GET"]}}],"collection":[{"href":"https:\/\/projectes.xtec.cat\/educacioinclusiva\/wp-json\/wp\/v2\/posts"}],"about":[{"href":"https:\/\/projectes.xtec.cat\/educacioinclusiva\/wp-json\/wp\/v2\/types\/post"}],"author":[{"embeddable":true,"href":"https:\/\/projectes.xtec.cat\/educacioinclusiva\/wp-json\/wp\/v2\/users\/4"}],"replies":[{"embeddable":true,"href":"https:\/\/projectes.xtec.cat\/educacioinclusiva\/wp-json\/wp\/v2\/comments?post=9274"}],"version-history":[{"count":3,"href":"https:\/\/projectes.xtec.cat\/educacioinclusiva\/wp-json\/wp\/v2\/posts\/9274\/revisions"}],"predecessor-version":[{"id":9279,"href":"https:\/\/projectes.xtec.cat\/educacioinclusiva\/wp-json\/wp\/v2\/posts\/9274\/revisions\/9279"}],"wp:featuredmedia":[{"embeddable":true,"href":"https:\/\/projectes.xtec.cat\/educacioinclusiva\/wp-json\/wp\/v2\/media\/9277"}],"wp:attachment":[{"href":"https:\/\/projectes.xtec.cat\/educacioinclusiva\/wp-json\/wp\/v2\/media?parent=9274"}],"wp:term":[{"taxonomy":"category","embeddable":true,"href":"https:\/\/projectes.xtec.cat\/educacioinclusiva\/wp-json\/wp\/v2\/categories?post=9274"},{"taxonomy":"post_tag","embeddable":true,"href":"https:\/\/projectes.xtec.cat\/educacioinclusiva\/wp-json\/wp\/v2\/tags?post=9274"}],"curies":[{"name":"wp","href":"https:\/\/api.w.org\/{rel}","templated":true}]}}