{"id":9283,"date":"2022-05-13T12:18:39","date_gmt":"2022-05-13T10:18:39","guid":{"rendered":"https:\/\/projectes.xtec.cat\/educacioinclusiva\/?p=9283"},"modified":"2023-02-20T11:10:43","modified_gmt":"2023-02-20T10:10:43","slug":"primera-mobilitat-microconsorci-deducacio-inclusiva-cete-erasmus","status":"publish","type":"post","link":"https:\/\/projectes.xtec.cat\/educacioinclusiva\/general\/primera-mobilitat-microconsorci-deducacio-inclusiva-cete-erasmus\/","title":{"rendered":"Primera mobilitat microconsorci d\u2019educaci\u00f3 inclusiva CETE+ ERASMUS+"},"content":{"rendered":"<p><a href=\"https:\/\/projectes.xtec.cat\/educacioinclusiva\/general\/primera-mobilitat-microconsorci-deducacio-inclusiva-cete-erasmus\/attachment\/nuvol-2\/\" rel=\"attachment wp-att-9284\"><img loading=\"lazy\" decoding=\"async\" class=\"aligncenter wp-image-9284 size-full\" src=\"https:\/\/projectes.xtec.cat\/educacioinclusiva\/wp-content\/uploads\/usu2065\/2022\/05\/Nuvol-2.jpg\" alt=\"N\u00favol de paraules: Inclusi\u00f3, mesures universals, DUA\" width=\"840\" height=\"674\" srcset=\"https:\/\/projectes.xtec.cat\/educacioinclusiva\/wp-content\/uploads\/usu2065\/2022\/05\/Nuvol-2.jpg 840w, https:\/\/projectes.xtec.cat\/educacioinclusiva\/wp-content\/uploads\/usu2065\/2022\/05\/Nuvol-2-300x241.jpg 300w, https:\/\/projectes.xtec.cat\/educacioinclusiva\/wp-content\/uploads\/usu2065\/2022\/05\/Nuvol-2-768x616.jpg 768w\" sizes=\"auto, (max-width: 840px) 100vw, 840px\" \/><\/a><\/p>\n<p><strong>El MiniConsorci d\u2019Educaci\u00f3 Inclusiva<\/strong> (MCEI) que formem part del <strong>Consorci Europeu per la Transformaci\u00f3 Educativa<\/strong> <strong>(CETE+)<\/strong> dins del programa <strong>ERASMUS+ <\/strong>iniciem la nostra primera mobilitat.<\/p>\n<p>La setmana del 16 al 20 de maig, els 14 professionals seleccionats i les dues coordinadores que en formen part, realitzen la primera mobilitat en modalitat d\u2019observaci\u00f3 a centres educatius a <strong>It\u00e0lia<\/strong>, un dels pa\u00efsos europeus referents on tenen un bagatge i expertesa en el tema de la inclusi\u00f3 educativa i on la normativa, pel que fa a la inclusi\u00f3, continua en constant evoluci\u00f3.<\/p>\n<p>L\u2019objectiu \u00e9s poder transferir i implementar als nostres centres educatius les diferents pr\u00e0ctiques educatives inclusives dels centres d\u2019acollida.<\/p>\n<p>Participants de la mobilitat:<\/p>\n<table width=\"602\">\n<tbody>\n<tr>\n<td width=\"301\">Esc. Abat Oliba,\u00a0 Cornell\u00e0 de Llobregat<\/td>\n<td width=\"301\">Scuola primaria Don Milani, Bolzano<\/p>\n<p>Scuola primaria Alessandro Manzoni, Bolzano<\/td>\n<\/tr>\n<tr>\n<td width=\"301\">Esc. Ant\u00f2nia Sim\u00f3 i Arn\u00f3,\u00a0 Almacelles<\/td>\n<td width=\"301\">Scuola primaria Don Milani, Bolzano<\/p>\n<p>Scuola primaria Alessandro Manzoni, Bolzano<\/td>\n<\/tr>\n<tr>\n<td width=\"301\">INS\u00a0 Francesc Ribalta,\u00a0 Solsona<\/td>\n<td width=\"301\">Scuola secondaria di primo grado Leonardo da Vinci<\/p>\n<p>Scuola secondaria di primo grado Ugo Foscolo,\u00a0 Bolzano<\/td>\n<\/tr>\n<tr>\n<td width=\"301\">Esc. Llebetx<\/td>\n<td width=\"301\">Istituto Comprensivo Rita Levi Montalcini primaria,\u00a0 Missaglia<\/td>\n<\/tr>\n<tr>\n<td width=\"301\">INS Constant\u00ed, Constant\u00ed<\/td>\n<td width=\"301\">Istituto Comprensivo Rita Levi Montalcini secondaria,\u00a0 Missaglia<\/td>\n<\/tr>\n<tr>\n<td width=\"301\">INS Baix a Mar, Vilanova i la Geltr\u00fa<\/td>\n<td width=\"301\">Istituto d\u2019Istruzione Superiore Piero Sraffa,\u00a0 Brescia<\/td>\n<\/tr>\n<tr>\n<td width=\"301\">Es. Lacust\u00e0ria<\/td>\n<td width=\"301\">Istituto Comprensivo Borgosatollo,\u00a0\u00a0 Borgosatollo<\/td>\n<\/tr>\n<\/tbody>\n<\/table>\n<p>Bon viatge!!<\/p>\n<p><strong>#CETE+ #EducacioInclusiva #MCEducacioInclusiva<\/strong><\/p>\n","protected":false},"excerpt":{"rendered":"<p><a href=\"https:\/\/projectes.xtec.cat\/educacioinclusiva\/general\/primera-mobilitat-microconsorci-deducacio-inclusiva-cete-erasmus\/attachment\/nuvol-2\/\" rel=\"attachment wp-att-9284\"><\/a><br \/>\nEl MiniConsorci d\u2019Educaci\u00f3 Inclusiva (MCEI) que formem part del Consorci Europeu per la Transformaci\u00f3 Educativa (CETE+) dins del programa ERASMUS+ iniciem la nostra primera mobilitat.<br \/>\nLa setmana del 16 al 20 de maig, els 14 professionals seleccionats i les dues coordinadores que en&hellip;  <a href=\"https:\/\/projectes.xtec.cat\/educacioinclusiva\/general\/primera-mobilitat-microconsorci-deducacio-inclusiva-cete-erasmus\/\" title=\"Read Primera mobilitat microconsorci d\u2019educaci\u00f3 inclusiva CETE+ ERASMUS+\">Llegeix m\u00e9s\u00bb<\/a><\/p>\n","protected":false},"author":4,"featured_media":9284,"comment_status":"closed","ping_status":"closed","sticky":false,"template":"","format":"standard","meta":{"_bbp_topic_count":0,"_bbp_reply_count":0,"_bbp_total_topic_count":0,"_bbp_total_reply_count":0,"_bbp_voice_count":0,"_bbp_anonymous_reply_count":0,"_bbp_topic_count_hidden":0,"_bbp_reply_count_hidden":0,"_bbp_forum_subforum_count":0,"footnotes":""},"categories":[1,29],"tags":[370,372,369,374],"class_list":["post-9283","post","type-post","status-publish","format-standard","has-post-thumbnail","hentry","category-general","category-portada","tag-cete","tag-educacioinclusiva","tag-erasmus","tag-mcei"],"post_mailing_queue_ids":[],"_links":{"self":[{"href":"https:\/\/projectes.xtec.cat\/educacioinclusiva\/wp-json\/wp\/v2\/posts\/9283","targetHints":{"allow":["GET"]}}],"collection":[{"href":"https:\/\/projectes.xtec.cat\/educacioinclusiva\/wp-json\/wp\/v2\/posts"}],"about":[{"href":"https:\/\/projectes.xtec.cat\/educacioinclusiva\/wp-json\/wp\/v2\/types\/post"}],"author":[{"embeddable":true,"href":"https:\/\/projectes.xtec.cat\/educacioinclusiva\/wp-json\/wp\/v2\/users\/4"}],"replies":[{"embeddable":true,"href":"https:\/\/projectes.xtec.cat\/educacioinclusiva\/wp-json\/wp\/v2\/comments?post=9283"}],"version-history":[{"count":3,"href":"https:\/\/projectes.xtec.cat\/educacioinclusiva\/wp-json\/wp\/v2\/posts\/9283\/revisions"}],"predecessor-version":[{"id":9291,"href":"https:\/\/projectes.xtec.cat\/educacioinclusiva\/wp-json\/wp\/v2\/posts\/9283\/revisions\/9291"}],"wp:featuredmedia":[{"embeddable":true,"href":"https:\/\/projectes.xtec.cat\/educacioinclusiva\/wp-json\/wp\/v2\/media\/9284"}],"wp:attachment":[{"href":"https:\/\/projectes.xtec.cat\/educacioinclusiva\/wp-json\/wp\/v2\/media?parent=9283"}],"wp:term":[{"taxonomy":"category","embeddable":true,"href":"https:\/\/projectes.xtec.cat\/educacioinclusiva\/wp-json\/wp\/v2\/categories?post=9283"},{"taxonomy":"post_tag","embeddable":true,"href":"https:\/\/projectes.xtec.cat\/educacioinclusiva\/wp-json\/wp\/v2\/tags?post=9283"}],"curies":[{"name":"wp","href":"https:\/\/api.w.org\/{rel}","templated":true}]}}