{"id":9292,"date":"2022-05-26T14:27:58","date_gmt":"2022-05-26T12:27:58","guid":{"rendered":"https:\/\/projectes.xtec.cat\/educacioinclusiva\/?p=9292"},"modified":"2023-02-20T10:22:22","modified_gmt":"2023-02-20T09:22:22","slug":"mobilitat-del-microconsorci-deducacio-inclusiva-erasmus","status":"publish","type":"post","link":"https:\/\/projectes.xtec.cat\/educacioinclusiva\/portada\/mobilitat-del-microconsorci-deducacio-inclusiva-erasmus\/","title":{"rendered":"Mobilitat del Microconsorci d&#8217;Educaci\u00f3 Inclusiva. ERASMUS+"},"content":{"rendered":"<figure class=\"figure wp-caption aligncenter\"><a href=\"https:\/\/projectes.xtec.cat\/educacioinclusiva\/portada\/mobilitat-del-microconsorci-deducacio-inclusiva-erasmus\/attachment\/imagen1\/\" rel=\"attachment wp-att-9293\"><img loading=\"lazy\" decoding=\"async\" class=\"wp-image-9293 size-full\" src=\"https:\/\/projectes.xtec.cat\/educacioinclusiva\/wp-content\/uploads\/usu2065\/2022\/05\/Imagen1.png\" alt=\"\" width=\"359\" height=\"225\" srcset=\"https:\/\/projectes.xtec.cat\/educacioinclusiva\/wp-content\/uploads\/usu2065\/2022\/05\/Imagen1.png 359w, https:\/\/projectes.xtec.cat\/educacioinclusiva\/wp-content\/uploads\/usu2065\/2022\/05\/Imagen1-300x188.png 300w\" sizes=\"auto, (max-width: 359px) 100vw, 359px\" \/><\/a><figcaption class=\"wp-caption-text\">Bolzano-Bozen capital del Tirol del Sud<\/figcaption><\/figure>\n<p>&nbsp;<\/p>\n<p>Durant la setmana del 16 fins al 20 de maig tot l\u2019equip format per 16 professionals que conformen el <strong>microconsorci d\u2019educaci\u00f3 inclusiva<\/strong> (MCEI), un dels 14 microconsorcis del programa ERASMUS+, han realitzat la mobilitat, en modalitat d\u2019observaci\u00f3 en centre, a diferents centres educatius d\u2019It\u00e0lia, amb l&#8217;objectiu de recollir pr\u00e0ctiques inclusives que poguem dur a terme als nostres centres i ens ajudin a construir una escola m\u00e9s inclusiva.<\/p>\n<p>Les sis professionals, dues d\u2019Educaci\u00f3 Secund\u00e0ria dels serveis territorials de Catalunya Central, dues d\u2019Educaci\u00f3 Prim\u00e0ria dels serveis territorials de Lleida i dues\u00a0 d\u2019Educaci\u00f3 Prim\u00e0ria del Baix Llobregat, juntament amb les dues coordinadores del Departament d\u2019Educaci\u00f3, han estat a Bolzano la capital del Tirol del Sud, a la regi\u00f3 aut\u00f2noma de Trentino que est\u00e0 situada al vessant meridional dels Alps.<\/p>\n<p>Altres quatre professionals, dues d\u2019Educaci\u00f3 Secund\u00e0ria del servei territorial de\u00a0 Barcelona Comarques a la ciutat de Brescia i dues d&#8217;Educaci\u00f3 Prim\u00e0ria del servei territorial de Girona al municipi de Borgosatollo, a la regi\u00f3 de la Llombardia.<\/p>\n","protected":false},"excerpt":{"rendered":"<p><a href=\"https:\/\/projectes.xtec.cat\/educacioinclusiva\/portada\/mobilitat-del-microconsorci-deducacio-inclusiva-erasmus\/attachment\/imagen1\/\" rel=\"attachment wp-att-9293\"><\/a>Bolzano-Bozen capital del Tirol del Sud<br \/>\n&nbsp;<br \/>\nDurant la setmana del 16 fins al 20 de maig tot l\u2019equip format per 16 professionals que conformen el microconsorci d\u2019educaci\u00f3 inclusiva (MCEI), un dels 14 microconsorcis del programa ERASMUS+, han realitzat la mobilitat, en modalitat d\u2019observaci\u00f3&hellip;  <a href=\"https:\/\/projectes.xtec.cat\/educacioinclusiva\/portada\/mobilitat-del-microconsorci-deducacio-inclusiva-erasmus\/\" title=\"Read Mobilitat del Microconsorci d&#8217;Educaci\u00f3 Inclusiva. ERASMUS+\">Llegeix m\u00e9s\u00bb<\/a><\/p>\n","protected":false},"author":4,"featured_media":9293,"comment_status":"closed","ping_status":"closed","sticky":false,"template":"","format":"standard","meta":{"_bbp_topic_count":0,"_bbp_reply_count":0,"_bbp_total_topic_count":0,"_bbp_total_reply_count":0,"_bbp_voice_count":0,"_bbp_anonymous_reply_count":0,"_bbp_topic_count_hidden":0,"_bbp_reply_count_hidden":0,"_bbp_forum_subforum_count":0,"footnotes":""},"categories":[385,29,308],"tags":[370,372,369],"class_list":["post-9292","post","type-post","status-publish","format-standard","has-post-thumbnail","hentry","category-erasmus","category-portada","category-projectes","tag-cete","tag-educacioinclusiva","tag-erasmus"],"post_mailing_queue_ids":[],"_links":{"self":[{"href":"https:\/\/projectes.xtec.cat\/educacioinclusiva\/wp-json\/wp\/v2\/posts\/9292","targetHints":{"allow":["GET"]}}],"collection":[{"href":"https:\/\/projectes.xtec.cat\/educacioinclusiva\/wp-json\/wp\/v2\/posts"}],"about":[{"href":"https:\/\/projectes.xtec.cat\/educacioinclusiva\/wp-json\/wp\/v2\/types\/post"}],"author":[{"embeddable":true,"href":"https:\/\/projectes.xtec.cat\/educacioinclusiva\/wp-json\/wp\/v2\/users\/4"}],"replies":[{"embeddable":true,"href":"https:\/\/projectes.xtec.cat\/educacioinclusiva\/wp-json\/wp\/v2\/comments?post=9292"}],"version-history":[{"count":2,"href":"https:\/\/projectes.xtec.cat\/educacioinclusiva\/wp-json\/wp\/v2\/posts\/9292\/revisions"}],"predecessor-version":[{"id":9295,"href":"https:\/\/projectes.xtec.cat\/educacioinclusiva\/wp-json\/wp\/v2\/posts\/9292\/revisions\/9295"}],"wp:featuredmedia":[{"embeddable":true,"href":"https:\/\/projectes.xtec.cat\/educacioinclusiva\/wp-json\/wp\/v2\/media\/9293"}],"wp:attachment":[{"href":"https:\/\/projectes.xtec.cat\/educacioinclusiva\/wp-json\/wp\/v2\/media?parent=9292"}],"wp:term":[{"taxonomy":"category","embeddable":true,"href":"https:\/\/projectes.xtec.cat\/educacioinclusiva\/wp-json\/wp\/v2\/categories?post=9292"},{"taxonomy":"post_tag","embeddable":true,"href":"https:\/\/projectes.xtec.cat\/educacioinclusiva\/wp-json\/wp\/v2\/tags?post=9292"}],"curies":[{"name":"wp","href":"https:\/\/api.w.org\/{rel}","templated":true}]}}