{"id":9319,"date":"2022-09-14T10:03:07","date_gmt":"2022-09-14T08:03:07","guid":{"rendered":"https:\/\/projectes.xtec.cat\/educacioinclusiva\/?p=9319"},"modified":"2022-09-14T10:06:02","modified_gmt":"2022-09-14T08:06:02","slug":"jornada-deducacio-inclusiva-a-la-garrotxa","status":"publish","type":"post","link":"https:\/\/projectes.xtec.cat\/educacioinclusiva\/general\/jornada-deducacio-inclusiva-a-la-garrotxa\/","title":{"rendered":"Jornada d&#8217;Educaci\u00f3 Inclusiva a la Garrotxa"},"content":{"rendered":"<p><a href=\"https:\/\/projectes.xtec.cat\/educacioinclusiva\/?attachment_id=9321\" target=\"_blank\" rel=\"attachment noopener wp-att-9320\"><img loading=\"lazy\" decoding=\"async\" class=\"alignright wp-image-9320 size-medium\" src=\"https:\/\/projectes.xtec.cat\/educacioinclusiva\/wp-content\/uploads\/usu2065\/2022\/09\/Jornada-garrotxa-300x212.png\" alt=\"Jornada d'educaci\u00f3 inclusiva de la Garrotxa Codi QR amb \u00e0udio explicant el programa\" width=\"300\" height=\"212\" srcset=\"https:\/\/projectes.xtec.cat\/educacioinclusiva\/wp-content\/uploads\/usu2065\/2022\/09\/Jornada-garrotxa-300x212.png 300w, https:\/\/projectes.xtec.cat\/educacioinclusiva\/wp-content\/uploads\/usu2065\/2022\/09\/Jornada-garrotxa-768x542.png 768w, https:\/\/projectes.xtec.cat\/educacioinclusiva\/wp-content\/uploads\/usu2065\/2022\/09\/Jornada-garrotxa.png 791w\" sizes=\"auto, (max-width: 300px) 100vw, 300px\" \/><\/a><\/p>\n<p>El proper mes d&#8217;octubre se celebrar\u00e0 una <strong><a href=\"https:\/\/faberllull.cat\/ca\/residencia.cfm?id=41084&amp;url=educacio-inclusiva.htm\" target=\"_blank\" rel=\"noopener\">setmana tem\u00e0tica centrada en la inclusi\u00f3 educativa de la m\u00e0 de la entitat Faberllull<\/a><\/strong> i el col\u00b7lectiu XAPEICAT. <strong>Del 3 al 8 d&#8217;octubre<\/strong> un ampli ventall d&#8217;experts en inclusi\u00f3 educativa compartiran el seu coneixement amb diversos claustres de centres educatius de la Garrotxa, guiant-los per marcar el cam\u00ed a seguir, aportant eines i estrat\u00e8gies en relaci\u00f3 amb les pr\u00e0ctiques, cultures i pol\u00edtiques inclusives. Aquests intercanvis permetran als diferents agents de la comunitat educativa repensar i comprometre&#8217;s en un model inclusiu m\u00e9s eficient i coherent.<br \/>\nDins del programa de la setmana,<strong> el dia 6 d&#8217;Octubre de 2022,<\/strong> la Direcci\u00f3 General d&#8217;Educaci\u00f3 Inclusiva organitza la <strong>Jornada d&#8217;Educaci\u00f3 Inclusiva a la Garrotxa<\/strong>, adre\u00e7ada a agents educatius de la Garrotxa, amb l&#8217;objectiu de debatre al voltant d&#8217;idees for\u00e7a en relaci\u00f3 a la inclusi\u00f3.<\/p>\n<p>Aqu\u00ed podeu veure el <a href=\"https:\/\/projectes.xtec.cat\/educacioinclusiva\/?attachment_id=9321\" target=\"_blank\" rel=\"noopener\">programa<\/a> detallat.<\/p>\n","protected":false},"excerpt":{"rendered":"<p><a href=\"https:\/\/projectes.xtec.cat\/educacioinclusiva\/?attachment_id=9321\" target=\"_blank\" rel=\"attachment noopener wp-att-9320\"><\/a><br \/>\nEl proper mes d&#8217;octubre se celebrar\u00e0 una <a href=\"https:\/\/faberllull.cat\/ca\/residencia.cfm?id=41084&amp;url=educacio-inclusiva.htm\" target=\"_blank\" rel=\"noopener\">setmana tem\u00e0tica centrada en la inclusi\u00f3 educativa de la m\u00e0 de la entitat Faberllull<\/a> i el col\u00b7lectiu XAPEICAT. Del 3 al 8 d&#8217;octubre un ampli ventall d&#8217;experts en inclusi\u00f3 educativa&hellip;  <a href=\"https:\/\/projectes.xtec.cat\/educacioinclusiva\/general\/jornada-deducacio-inclusiva-a-la-garrotxa\/\" title=\"Read Jornada d&#8217;Educaci\u00f3 Inclusiva a la Garrotxa\">Llegeix m\u00e9s\u00bb<\/a><\/p>\n","protected":false},"author":4,"featured_media":9320,"comment_status":"closed","ping_status":"closed","sticky":false,"template":"","format":"standard","meta":{"_bbp_topic_count":0,"_bbp_reply_count":0,"_bbp_total_topic_count":0,"_bbp_total_reply_count":0,"_bbp_voice_count":0,"_bbp_anonymous_reply_count":0,"_bbp_topic_count_hidden":0,"_bbp_reply_count_hidden":0,"_bbp_forum_subforum_count":0,"footnotes":""},"categories":[1,29],"tags":[],"class_list":["post-9319","post","type-post","status-publish","format-standard","has-post-thumbnail","hentry","category-general","category-portada"],"post_mailing_queue_ids":[],"_links":{"self":[{"href":"https:\/\/projectes.xtec.cat\/educacioinclusiva\/wp-json\/wp\/v2\/posts\/9319","targetHints":{"allow":["GET"]}}],"collection":[{"href":"https:\/\/projectes.xtec.cat\/educacioinclusiva\/wp-json\/wp\/v2\/posts"}],"about":[{"href":"https:\/\/projectes.xtec.cat\/educacioinclusiva\/wp-json\/wp\/v2\/types\/post"}],"author":[{"embeddable":true,"href":"https:\/\/projectes.xtec.cat\/educacioinclusiva\/wp-json\/wp\/v2\/users\/4"}],"replies":[{"embeddable":true,"href":"https:\/\/projectes.xtec.cat\/educacioinclusiva\/wp-json\/wp\/v2\/comments?post=9319"}],"version-history":[{"count":2,"href":"https:\/\/projectes.xtec.cat\/educacioinclusiva\/wp-json\/wp\/v2\/posts\/9319\/revisions"}],"predecessor-version":[{"id":9323,"href":"https:\/\/projectes.xtec.cat\/educacioinclusiva\/wp-json\/wp\/v2\/posts\/9319\/revisions\/9323"}],"wp:featuredmedia":[{"embeddable":true,"href":"https:\/\/projectes.xtec.cat\/educacioinclusiva\/wp-json\/wp\/v2\/media\/9320"}],"wp:attachment":[{"href":"https:\/\/projectes.xtec.cat\/educacioinclusiva\/wp-json\/wp\/v2\/media?parent=9319"}],"wp:term":[{"taxonomy":"category","embeddable":true,"href":"https:\/\/projectes.xtec.cat\/educacioinclusiva\/wp-json\/wp\/v2\/categories?post=9319"},{"taxonomy":"post_tag","embeddable":true,"href":"https:\/\/projectes.xtec.cat\/educacioinclusiva\/wp-json\/wp\/v2\/tags?post=9319"}],"curies":[{"name":"wp","href":"https:\/\/api.w.org\/{rel}","templated":true}]}}