{"id":9324,"date":"2022-09-29T16:12:19","date_gmt":"2022-09-29T14:12:19","guid":{"rendered":"https:\/\/projectes.xtec.cat\/educacioinclusiva\/?p=9324"},"modified":"2023-02-27T09:49:07","modified_gmt":"2023-02-27T08:49:07","slug":"projecte-europeu-governance-inclusive-education-govined","status":"publish","type":"post","link":"https:\/\/projectes.xtec.cat\/educacioinclusiva\/general\/projecte-europeu-governance-inclusive-education-govined\/","title":{"rendered":"Projecte europeu Governance Inclusive Education (GovInEd)"},"content":{"rendered":"<div><a href=\"https:\/\/projectes.xtec.cat\/educacioinclusiva\/general\/projecte-europeu-governance-inclusive-education-govined\/attachment\/img_20220924_120941\/\" rel=\"attachment wp-att-9326\"><img loading=\"lazy\" decoding=\"async\" class=\"alignright size-medium wp-image-9326\" src=\"https:\/\/projectes.xtec.cat\/educacioinclusiva\/wp-content\/uploads\/usu2065\/2022\/09\/IMG_20220924_120941-300x225.jpg\" alt=\"Participants a la trobada reunits\" width=\"300\" height=\"225\" srcset=\"https:\/\/projectes.xtec.cat\/educacioinclusiva\/wp-content\/uploads\/usu2065\/2022\/09\/IMG_20220924_120941-300x225.jpg 300w, https:\/\/projectes.xtec.cat\/educacioinclusiva\/wp-content\/uploads\/usu2065\/2022\/09\/IMG_20220924_120941-1024x768.jpg 1024w, https:\/\/projectes.xtec.cat\/educacioinclusiva\/wp-content\/uploads\/usu2065\/2022\/09\/IMG_20220924_120941-768x576.jpg 768w, https:\/\/projectes.xtec.cat\/educacioinclusiva\/wp-content\/uploads\/usu2065\/2022\/09\/IMG_20220924_120941-1536x1152.jpg 1536w, https:\/\/projectes.xtec.cat\/educacioinclusiva\/wp-content\/uploads\/usu2065\/2022\/09\/IMG_20220924_120941-2048x1536.jpg 2048w, https:\/\/projectes.xtec.cat\/educacioinclusiva\/wp-content\/uploads\/usu2065\/2022\/09\/IMG_20220924_120941-200x150.jpg 200w\" sizes=\"auto, (max-width: 300px) 100vw, 300px\" \/><\/a><\/div>\n<div>\n<p>La<strong> Direcci\u00f3 General d&#8217;Educaci\u00f3 Inclusiva<\/strong> ha iniciat la seva participaci\u00f3 en el <strong>projecte europeu Governance Inclusive Education<\/strong> (GovInEd) juntament amb la Universitat Aut\u00f2noma de Barcelona i altres administracions i universitats europees.<\/p>\n<p>Aquest projecte se centra en l&#8217;an\u00e0lisi de les xarxes i de la participaci\u00f3 dels diversos agents rellevants en el context dels processos de transformaci\u00f3 de l&#8217;educaci\u00f3 inclusiva i la generaci\u00f3 de recursos educatius oberts sobre aquest tema.<\/p>\n<p>La primera fase del projecte consisteix en fer grups de discussi\u00f3 que han de permetre l&#8217;elaboraci\u00f3 de les constel\u00b7lacions de governan\u00e7a de l&#8217;educaci\u00f3 inclusiva de cada regi\u00f3. En el cas de Catalunya aquesta actuaci\u00f3 es va dur a terme el passat mes de maig. Aquest setembre s&#8217;ha fet una trobada presencial dels membres a la Universitat de Styria, a Graz, i el proper m\u00e9s d&#8217;abril es dur\u00e0 a terme un esdeveniment multiplicador a Barcelona en el qual participaran les administracions i universitats implicades en el projecte<\/p>\n<p>Enlla\u00e7 a la p\u00e0gina del projecte:\u00a0<a href=\"https:\/\/govined.eu\/\">https:\/\/govined.eu\/<\/a><\/p>\n<\/div>\n","protected":false},"excerpt":{"rendered":"<p><a href=\"https:\/\/projectes.xtec.cat\/educacioinclusiva\/general\/projecte-europeu-governance-inclusive-education-govined\/attachment\/img_20220924_120941\/\" rel=\"attachment wp-att-9326\"><\/a><\/p>\n<p>La Direcci\u00f3 General d&#8217;Educaci\u00f3 Inclusiva ha iniciat la seva participaci\u00f3 en el projecte europeu Governance Inclusive Education (GovInEd) juntament amb la Universitat Aut\u00f2noma de Barcelona i altres administracions i universitats europees.<br \/>\nAquest projecte se centra en l&#8217;an\u00e0lisi de les xarxes i de la&hellip;  <a href=\"https:\/\/projectes.xtec.cat\/educacioinclusiva\/general\/projecte-europeu-governance-inclusive-education-govined\/\" title=\"Read Projecte europeu Governance Inclusive Education (GovInEd)\">Llegeix m\u00e9s\u00bb<\/a><\/p>\n","protected":false},"author":4,"featured_media":9325,"comment_status":"closed","ping_status":"closed","sticky":false,"template":"","format":"standard","meta":{"_bbp_topic_count":0,"_bbp_reply_count":0,"_bbp_total_topic_count":0,"_bbp_total_reply_count":0,"_bbp_voice_count":0,"_bbp_anonymous_reply_count":0,"_bbp_topic_count_hidden":0,"_bbp_reply_count_hidden":0,"_bbp_forum_subforum_count":0,"footnotes":""},"categories":[385,1,29],"tags":[],"class_list":["post-9324","post","type-post","status-publish","format-standard","has-post-thumbnail","hentry","category-erasmus","category-general","category-portada"],"post_mailing_queue_ids":[],"_links":{"self":[{"href":"https:\/\/projectes.xtec.cat\/educacioinclusiva\/wp-json\/wp\/v2\/posts\/9324","targetHints":{"allow":["GET"]}}],"collection":[{"href":"https:\/\/projectes.xtec.cat\/educacioinclusiva\/wp-json\/wp\/v2\/posts"}],"about":[{"href":"https:\/\/projectes.xtec.cat\/educacioinclusiva\/wp-json\/wp\/v2\/types\/post"}],"author":[{"embeddable":true,"href":"https:\/\/projectes.xtec.cat\/educacioinclusiva\/wp-json\/wp\/v2\/users\/4"}],"replies":[{"embeddable":true,"href":"https:\/\/projectes.xtec.cat\/educacioinclusiva\/wp-json\/wp\/v2\/comments?post=9324"}],"version-history":[{"count":2,"href":"https:\/\/projectes.xtec.cat\/educacioinclusiva\/wp-json\/wp\/v2\/posts\/9324\/revisions"}],"predecessor-version":[{"id":9328,"href":"https:\/\/projectes.xtec.cat\/educacioinclusiva\/wp-json\/wp\/v2\/posts\/9324\/revisions\/9328"}],"wp:featuredmedia":[{"embeddable":true,"href":"https:\/\/projectes.xtec.cat\/educacioinclusiva\/wp-json\/wp\/v2\/media\/9325"}],"wp:attachment":[{"href":"https:\/\/projectes.xtec.cat\/educacioinclusiva\/wp-json\/wp\/v2\/media?parent=9324"}],"wp:term":[{"taxonomy":"category","embeddable":true,"href":"https:\/\/projectes.xtec.cat\/educacioinclusiva\/wp-json\/wp\/v2\/categories?post=9324"},{"taxonomy":"post_tag","embeddable":true,"href":"https:\/\/projectes.xtec.cat\/educacioinclusiva\/wp-json\/wp\/v2\/tags?post=9324"}],"curies":[{"name":"wp","href":"https:\/\/api.w.org\/{rel}","templated":true}]}}