{"id":9356,"date":"2022-10-26T12:22:43","date_gmt":"2022-10-26T10:22:43","guid":{"rendered":"https:\/\/projectes.xtec.cat\/educacioinclusiva\/?p=9356"},"modified":"2023-03-30T09:03:32","modified_gmt":"2023-03-30T07:03:32","slug":"lassociacio-de-docents-daules-hospitalaries-celebra-els-seus-25-anys","status":"publish","type":"post","link":"https:\/\/projectes.xtec.cat\/educacioinclusiva\/general\/lassociacio-de-docents-daules-hospitalaries-celebra-els-seus-25-anys\/","title":{"rendered":"L&#8217;Associaci\u00f3 Catalana de Professionals de l\u2019Educaci\u00f3 en l\u2019\u00c0mbit Hospitalari celebra els seus 25 anys"},"content":{"rendered":"<p><a href=\"https:\/\/projectes.xtec.cat\/educacioinclusiva\/general\/lassociacio-de-docents-daules-hospitalaries-celebra-els-seus-25-anys\/attachment\/25-anys-associcio-ah\/\" rel=\"attachment wp-att-9357\"><img loading=\"lazy\" decoding=\"async\" class=\"size-medium wp-image-9357 aligncenter\" src=\"https:\/\/projectes.xtec.cat\/educacioinclusiva\/wp-content\/uploads\/usu2065\/2022\/10\/25-anys-associcio-AH-300x300.jpeg\" alt=\"Jornada Aules hospital\u00e0ries amb la Directora general d'educaci\u00f3 inclusiva\" width=\"300\" height=\"300\" srcset=\"https:\/\/projectes.xtec.cat\/educacioinclusiva\/wp-content\/uploads\/usu2065\/2022\/10\/25-anys-associcio-AH-300x300.jpeg 300w, https:\/\/projectes.xtec.cat\/educacioinclusiva\/wp-content\/uploads\/usu2065\/2022\/10\/25-anys-associcio-AH-150x150.jpeg 150w, https:\/\/projectes.xtec.cat\/educacioinclusiva\/wp-content\/uploads\/usu2065\/2022\/10\/25-anys-associcio-AH-768x767.jpeg 768w, https:\/\/projectes.xtec.cat\/educacioinclusiva\/wp-content\/uploads\/usu2065\/2022\/10\/25-anys-associcio-AH.jpeg 1024w\" sizes=\"auto, (max-width: 300px) 100vw, 300px\" \/><\/a><\/p>\n<p>El passat divendres 21 d&#8217;octubre v\u00e0rem celebrar els 25 anys de l\u2019ACPEAH (Associaci\u00f3 Catalana de Professionals de l\u2019Educaci\u00f3 en l\u2019\u00c0mbit Hospitalari) amb les\/els docents de les Aules Hospital\u00e0ries, Hospitals de dia d&#8217;Adolescents i d\u2019Atenci\u00f3 educativa domiciliaria.\u00a0 Maria Urmeneta, va explicar com va n\u00e9ixer aquesta associaci\u00f3 sense \u00e0nim de lucre, el 1997 per donar visibilitat, tant als docents com als infants i joves malalts, amb els qui treballen i atenen. Es va fundar amb docents ubicats als serveis de Pediatria de grans hospitals, i a partir del 2009 es van incorporar a l\u2019associaci\u00f3 docents de serveis de Salut Mental, que en aquell moment, es trobaven en ple creixement.<\/p>\n<p>El nou president de l\u2019ACPEAH, Albert Fisas, va explicar com en els darrers cinc anys, amb la implementaci\u00f3 per part del Departament d\u2019Educaci\u00f3, de grups estables de docents que treballen als domicilis de l\u2019alumnat malalt o convalescent, ha fet que aquest col\u00b7lectiu s\u2019hagi pogut incorporar a l\u2019associaci\u00f3 progressivament.<\/p>\n<p>A Catalunya les aules hospital\u00e0ries depenen d&#8217;un Conveni establert entre l&#8217;ICS o els Centres Hospitalaris concertats i el Departament d&#8217;Educaci\u00f3 de la Generalitat de Catalunya. En el cas de les aules hospital\u00e0ries de pediatria la intervenci\u00f3 educativa es realitza en llocs tan diversos com a les habitacions, a les cambres d&#8217;a\u00efllament, a les unitats de di\u00e0lisi, als hospitals de dia o a les UCI.<\/p>\n<p>En les darreres dues d\u00e8cades, amb el creixement\u00a0 de serveis de salut mental per a infants i adolescents (hospitals de dia d\u2019adolescents, unitats de crisi, unitats especialitzades, unitats d\u2019intervenci\u00f3 en el domicili, etc) el Departament d\u2019Educaci\u00f3 ha dotat cadascun d\u2019aquests recursos, amb nous docents, perqu\u00e8 hi facin atenci\u00f3 educativa i seguiment educatiu de l\u2019alumnat.<\/p>\n<p>Durant la jornada, despr\u00e9s d&#8217;escoltar els testimonis dels docents, de joves usuaris dels serveis i de les fam\u00edlies i altres experts, es va fer un balan\u00e7 molt positiu de la feina feta durant aquests 25 anys i del paper transformador dels docents en les aules hospital\u00e0ries. Actualment hi ha m\u00e9s de 50 aules repartides per tot Catalunya (entre aules de pediatria i de salut mental) i m\u00e9s de 70 docents del Departament d\u2019Educaci\u00f3 que hi treballen. Paral\u00b7lelament s\u2019est\u00e0 reordenant i optimitzant els recursos d\u2019atenci\u00f3 educativa domicili\u00e0ria amb equips estables, per tot el territori. Tot aix\u00f2, des del 2017, sota el paraig\u00fces del Decret 150\/2017 de 17 d\u2019octubre, que avala aquests tipus d\u2019atenci\u00f3 educativa en el marc d&#8217;un sistema educatiu inclusiu, com una mesura extraordin\u00e0ria per atendre les necessitats dels nostres nens i joves que passen per un proc\u00e9s de malaltia.<\/p>\n","protected":false},"excerpt":{"rendered":"<p><a href=\"https:\/\/projectes.xtec.cat\/educacioinclusiva\/general\/lassociacio-de-docents-daules-hospitalaries-celebra-els-seus-25-anys\/attachment\/25-anys-associcio-ah\/\" rel=\"attachment wp-att-9357\"><\/a><br \/>\nEl passat divendres 21 d&#8217;octubre v\u00e0rem celebrar els 25 anys de l\u2019ACPEAH (Associaci\u00f3 Catalana de Professionals de l\u2019Educaci\u00f3 en l\u2019\u00c0mbit Hospitalari) amb les\/els docents de les Aules Hospital\u00e0ries, Hospitals de dia d&#8217;Adolescents i d\u2019Atenci\u00f3 educativa domiciliaria.\u00a0 Maria Urmeneta, va explicar com va&hellip;  <a href=\"https:\/\/projectes.xtec.cat\/educacioinclusiva\/general\/lassociacio-de-docents-daules-hospitalaries-celebra-els-seus-25-anys\/\" title=\"Read L&#8217;Associaci\u00f3 Catalana de Professionals de l\u2019Educaci\u00f3 en l\u2019\u00c0mbit Hospitalari celebra els seus 25 anys\">Llegeix m\u00e9s\u00bb<\/a><\/p>\n","protected":false},"author":4,"featured_media":9358,"comment_status":"closed","ping_status":"closed","sticky":false,"template":"","format":"standard","meta":{"_bbp_topic_count":0,"_bbp_reply_count":0,"_bbp_total_topic_count":0,"_bbp_total_reply_count":0,"_bbp_voice_count":0,"_bbp_anonymous_reply_count":0,"_bbp_topic_count_hidden":0,"_bbp_reply_count_hidden":0,"_bbp_forum_subforum_count":0,"footnotes":""},"categories":[303,300,1,29],"tags":[],"class_list":["post-9356","post","type-post","status-publish","format-standard","has-post-thumbnail","hentry","category-aed","category-ah","category-general","category-portada"],"post_mailing_queue_ids":[],"_links":{"self":[{"href":"https:\/\/projectes.xtec.cat\/educacioinclusiva\/wp-json\/wp\/v2\/posts\/9356","targetHints":{"allow":["GET"]}}],"collection":[{"href":"https:\/\/projectes.xtec.cat\/educacioinclusiva\/wp-json\/wp\/v2\/posts"}],"about":[{"href":"https:\/\/projectes.xtec.cat\/educacioinclusiva\/wp-json\/wp\/v2\/types\/post"}],"author":[{"embeddable":true,"href":"https:\/\/projectes.xtec.cat\/educacioinclusiva\/wp-json\/wp\/v2\/users\/4"}],"replies":[{"embeddable":true,"href":"https:\/\/projectes.xtec.cat\/educacioinclusiva\/wp-json\/wp\/v2\/comments?post=9356"}],"version-history":[{"count":3,"href":"https:\/\/projectes.xtec.cat\/educacioinclusiva\/wp-json\/wp\/v2\/posts\/9356\/revisions"}],"predecessor-version":[{"id":9365,"href":"https:\/\/projectes.xtec.cat\/educacioinclusiva\/wp-json\/wp\/v2\/posts\/9356\/revisions\/9365"}],"wp:featuredmedia":[{"embeddable":true,"href":"https:\/\/projectes.xtec.cat\/educacioinclusiva\/wp-json\/wp\/v2\/media\/9358"}],"wp:attachment":[{"href":"https:\/\/projectes.xtec.cat\/educacioinclusiva\/wp-json\/wp\/v2\/media?parent=9356"}],"wp:term":[{"taxonomy":"category","embeddable":true,"href":"https:\/\/projectes.xtec.cat\/educacioinclusiva\/wp-json\/wp\/v2\/categories?post=9356"},{"taxonomy":"post_tag","embeddable":true,"href":"https:\/\/projectes.xtec.cat\/educacioinclusiva\/wp-json\/wp\/v2\/tags?post=9356"}],"curies":[{"name":"wp","href":"https:\/\/api.w.org\/{rel}","templated":true}]}}