{"id":9547,"date":"2023-03-24T13:26:56","date_gmt":"2023-03-24T12:26:56","guid":{"rendered":"https:\/\/projectes.xtec.cat\/educacioinclusiva\/?p=9547"},"modified":"2023-03-24T18:29:47","modified_gmt":"2023-03-24T17:29:47","slug":"dia-mundial-de-la-sindrome-de-down","status":"publish","type":"post","link":"https:\/\/projectes.xtec.cat\/educacioinclusiva\/general\/dia-mundial-de-la-sindrome-de-down\/","title":{"rendered":"Dia mundial de la S\u00edndrome de Down"},"content":{"rendered":"<p><iframe loading=\"lazy\" title=\"YouTube video player\" src=\"\/\/www.youtube.com\/embed\/kQGTUs_dYEA\" width=\"560\" height=\"315\" frameborder=\"0\" allowfullscreen=\"allowfullscreen\"><\/iframe><\/p>\n<p>El dia 21 de mar\u00e7 \u00e9s el dia mundial de la S\u00edndrome de Down, aix\u00ed doncs, per tal de commemorar-lo, us compartim aquest v\u00eddeo que hem creat conjuntament amb la coordinadora de la S\u00edndrome de Down de Catalunya i que esperem que us pugui ser d&#8217;utilitat.<\/p>\n","protected":false},"excerpt":{"rendered":"<p>El dia 21 de mar\u00e7 \u00e9s el dia mundial de la S\u00edndrome de Down, aix\u00ed doncs, per tal de commemorar-lo, us compartim aquest v\u00eddeo que hem creat conjuntament amb la coordinadora de la S\u00edndrome de Down de Catalunya i que esperem que us pugui ser&hellip;  <a href=\"https:\/\/projectes.xtec.cat\/educacioinclusiva\/general\/dia-mundial-de-la-sindrome-de-down\/\" title=\"Read Dia mundial de la S\u00edndrome de Down\">Llegeix m\u00e9s\u00bb<\/a><\/p>\n","protected":false},"author":4,"featured_media":9548,"comment_status":"closed","ping_status":"closed","sticky":false,"template":"","format":"standard","meta":{"_bbp_topic_count":0,"_bbp_reply_count":0,"_bbp_total_topic_count":0,"_bbp_total_reply_count":0,"_bbp_voice_count":0,"_bbp_anonymous_reply_count":0,"_bbp_topic_count_hidden":0,"_bbp_reply_count_hidden":0,"_bbp_forum_subforum_count":0,"footnotes":""},"categories":[380,1,29],"tags":[],"class_list":["post-9547","post","type-post","status-publish","format-standard","has-post-thumbnail","hentry","category-capsules-formatives","category-general","category-portada"],"post_mailing_queue_ids":[],"_links":{"self":[{"href":"https:\/\/projectes.xtec.cat\/educacioinclusiva\/wp-json\/wp\/v2\/posts\/9547","targetHints":{"allow":["GET"]}}],"collection":[{"href":"https:\/\/projectes.xtec.cat\/educacioinclusiva\/wp-json\/wp\/v2\/posts"}],"about":[{"href":"https:\/\/projectes.xtec.cat\/educacioinclusiva\/wp-json\/wp\/v2\/types\/post"}],"author":[{"embeddable":true,"href":"https:\/\/projectes.xtec.cat\/educacioinclusiva\/wp-json\/wp\/v2\/users\/4"}],"replies":[{"embeddable":true,"href":"https:\/\/projectes.xtec.cat\/educacioinclusiva\/wp-json\/wp\/v2\/comments?post=9547"}],"version-history":[{"count":3,"href":"https:\/\/projectes.xtec.cat\/educacioinclusiva\/wp-json\/wp\/v2\/posts\/9547\/revisions"}],"predecessor-version":[{"id":9551,"href":"https:\/\/projectes.xtec.cat\/educacioinclusiva\/wp-json\/wp\/v2\/posts\/9547\/revisions\/9551"}],"wp:featuredmedia":[{"embeddable":true,"href":"https:\/\/projectes.xtec.cat\/educacioinclusiva\/wp-json\/wp\/v2\/media\/9548"}],"wp:attachment":[{"href":"https:\/\/projectes.xtec.cat\/educacioinclusiva\/wp-json\/wp\/v2\/media?parent=9547"}],"wp:term":[{"taxonomy":"category","embeddable":true,"href":"https:\/\/projectes.xtec.cat\/educacioinclusiva\/wp-json\/wp\/v2\/categories?post=9547"},{"taxonomy":"post_tag","embeddable":true,"href":"https:\/\/projectes.xtec.cat\/educacioinclusiva\/wp-json\/wp\/v2\/tags?post=9547"}],"curies":[{"name":"wp","href":"https:\/\/api.w.org\/{rel}","templated":true}]}}