{"id":9598,"date":"2023-03-30T08:57:28","date_gmt":"2023-03-30T06:57:28","guid":{"rendered":"https:\/\/projectes.xtec.cat\/educacioinclusiva\/?p=9598"},"modified":"2023-03-30T13:32:09","modified_gmt":"2023-03-30T11:32:09","slug":"reportatge-de-catalunya-radio-sobre-latencio-educativa-domiciliaria","status":"publish","type":"post","link":"https:\/\/projectes.xtec.cat\/educacioinclusiva\/portada\/reportatge-de-catalunya-radio-sobre-latencio-educativa-domiciliaria\/","title":{"rendered":"Reportatge de Catalunya r\u00e0dio sobre l&#8217;atenci\u00f3 educativa domicili\u00e0ria"},"content":{"rendered":"<p><a href=\"https:\/\/www.ccma.cat\/catradio\/catalunya-migdia\/professors-a-domicili-quan-la-malaltia-no-et-permet-anar-a-classe\/noticia\/3220466\/\" target=\"_blank\" rel=\"attachment noopener wp-att-9599\"><img loading=\"lazy\" decoding=\"async\" class=\"aligncenter size-large wp-image-9599\" src=\"https:\/\/projectes.xtec.cat\/educacioinclusiva\/wp-content\/uploads\/usu2065\/2023\/03\/AED4-1024x579.png\" alt=\"Noia treballant amb l'ordinador\" width=\"1024\" height=\"579\" srcset=\"https:\/\/projectes.xtec.cat\/educacioinclusiva\/wp-content\/uploads\/usu2065\/2023\/03\/AED4-1024x579.png 1024w, https:\/\/projectes.xtec.cat\/educacioinclusiva\/wp-content\/uploads\/usu2065\/2023\/03\/AED4-300x170.png 300w, https:\/\/projectes.xtec.cat\/educacioinclusiva\/wp-content\/uploads\/usu2065\/2023\/03\/AED4-768x435.png 768w, https:\/\/projectes.xtec.cat\/educacioinclusiva\/wp-content\/uploads\/usu2065\/2023\/03\/AED4.png 1138w\" sizes=\"auto, (max-width: 1024px) 100vw, 1024px\" \/><\/a><\/p>\n<p>Les docents d&#8217;atenci\u00f3 educativa domicili\u00e0ria Maryam El Khayat i l&#8217;Alba D\u00edaz ens expliquen la seva feina en un <a href=\"https:\/\/www.ccma.cat\/catradio\/catalunya-migdia\/professors-a-domicili-quan-la-malaltia-no-et-permet-anar-a-classe\/noticia\/3220466\/\" target=\"_blank\" rel=\"noopener\">reportatge de Catalunya R\u00e0dio.<\/a><\/p>\n","protected":false},"excerpt":{"rendered":"<p><a href=\"https:\/\/www.ccma.cat\/catradio\/catalunya-migdia\/professors-a-domicili-quan-la-malaltia-no-et-permet-anar-a-classe\/noticia\/3220466\/\" target=\"_blank\" rel=\"attachment noopener wp-att-9599\"><\/a><br \/>\nLes docents d&#8217;atenci\u00f3 educativa domicili\u00e0ria Maryam El Khayat i l&#8217;Alba D\u00edaz ens expliquen la seva feina en un <a href=\"https:\/\/www.ccma.cat\/catradio\/catalunya-migdia\/professors-a-domicili-quan-la-malaltia-no-et-permet-anar-a-classe\/noticia\/3220466\/\" target=\"_blank\" rel=\"noopener\">reportatge de Catalunya R\u00e0dio.<\/a><\/p>\n","protected":false},"author":4,"featured_media":9599,"comment_status":"closed","ping_status":"closed","sticky":false,"template":"","format":"standard","meta":{"_bbp_topic_count":0,"_bbp_reply_count":0,"_bbp_total_topic_count":0,"_bbp_total_reply_count":0,"_bbp_voice_count":0,"_bbp_anonymous_reply_count":0,"_bbp_topic_count_hidden":0,"_bbp_reply_count_hidden":0,"_bbp_forum_subforum_count":0,"footnotes":""},"categories":[303,29],"tags":[],"class_list":["post-9598","post","type-post","status-publish","format-standard","has-post-thumbnail","hentry","category-aed","category-portada"],"post_mailing_queue_ids":[],"_links":{"self":[{"href":"https:\/\/projectes.xtec.cat\/educacioinclusiva\/wp-json\/wp\/v2\/posts\/9598","targetHints":{"allow":["GET"]}}],"collection":[{"href":"https:\/\/projectes.xtec.cat\/educacioinclusiva\/wp-json\/wp\/v2\/posts"}],"about":[{"href":"https:\/\/projectes.xtec.cat\/educacioinclusiva\/wp-json\/wp\/v2\/types\/post"}],"author":[{"embeddable":true,"href":"https:\/\/projectes.xtec.cat\/educacioinclusiva\/wp-json\/wp\/v2\/users\/4"}],"replies":[{"embeddable":true,"href":"https:\/\/projectes.xtec.cat\/educacioinclusiva\/wp-json\/wp\/v2\/comments?post=9598"}],"version-history":[{"count":3,"href":"https:\/\/projectes.xtec.cat\/educacioinclusiva\/wp-json\/wp\/v2\/posts\/9598\/revisions"}],"predecessor-version":[{"id":9603,"href":"https:\/\/projectes.xtec.cat\/educacioinclusiva\/wp-json\/wp\/v2\/posts\/9598\/revisions\/9603"}],"wp:featuredmedia":[{"embeddable":true,"href":"https:\/\/projectes.xtec.cat\/educacioinclusiva\/wp-json\/wp\/v2\/media\/9599"}],"wp:attachment":[{"href":"https:\/\/projectes.xtec.cat\/educacioinclusiva\/wp-json\/wp\/v2\/media?parent=9598"}],"wp:term":[{"taxonomy":"category","embeddable":true,"href":"https:\/\/projectes.xtec.cat\/educacioinclusiva\/wp-json\/wp\/v2\/categories?post=9598"},{"taxonomy":"post_tag","embeddable":true,"href":"https:\/\/projectes.xtec.cat\/educacioinclusiva\/wp-json\/wp\/v2\/tags?post=9598"}],"curies":[{"name":"wp","href":"https:\/\/api.w.org\/{rel}","templated":true}]}}