{"id":9665,"date":"2023-05-15T17:23:40","date_gmt":"2023-05-15T15:23:40","guid":{"rendered":"https:\/\/projectes.xtec.cat\/educacioinclusiva\/?p=9665"},"modified":"2023-05-16T11:17:51","modified_gmt":"2023-05-16T09:17:51","slug":"un-exit-del-treball-en-xarxa","status":"publish","type":"post","link":"https:\/\/projectes.xtec.cat\/educacioinclusiva\/general\/un-exit-del-treball-en-xarxa\/","title":{"rendered":"Un \u00e8xit del treball en xarxa"},"content":{"rendered":"<p><a href=\"https:\/\/projectes.xtec.cat\/educacioinclusiva\/general\/un-exit-del-treball-en-xarxa\/attachment\/ecid\/\" rel=\"attachment wp-att-9666\"><img loading=\"lazy\" decoding=\"async\" class=\"wp-image-9666 size-medium alignright\" src=\"https:\/\/projectes.xtec.cat\/educacioinclusiva\/wp-content\/uploads\/usu2065\/2023\/05\/ECID-300x224.jpg\" alt=\"Persones que recullen el premi\" width=\"300\" height=\"224\" srcset=\"https:\/\/projectes.xtec.cat\/educacioinclusiva\/wp-content\/uploads\/usu2065\/2023\/05\/ECID-300x224.jpg 300w, https:\/\/projectes.xtec.cat\/educacioinclusiva\/wp-content\/uploads\/usu2065\/2023\/05\/ECID-1024x765.jpg 1024w, https:\/\/projectes.xtec.cat\/educacioinclusiva\/wp-content\/uploads\/usu2065\/2023\/05\/ECID-768x574.jpg 768w, https:\/\/projectes.xtec.cat\/educacioinclusiva\/wp-content\/uploads\/usu2065\/2023\/05\/ECID-1536x1148.jpg 1536w, https:\/\/projectes.xtec.cat\/educacioinclusiva\/wp-content\/uploads\/usu2065\/2023\/05\/ECID-200x150.jpg 200w, https:\/\/projectes.xtec.cat\/educacioinclusiva\/wp-content\/uploads\/usu2065\/2023\/05\/ECID.jpg 1600w\" sizes=\"auto, (max-width: 300px) 100vw, 300px\" \/><\/a><\/p>\n<p>S\u2019atorga el <strong>Premi\u00a0 Avedis\u00a0 Donabediam<\/strong> a la millora de la qualitat en l\u2019atenci\u00f3 a la salut mental a l\u2019ECID o Equip Cl\u00ednic d\u2019Intervenci\u00f3 Domicili\u00e0ria de Santa Coloma de Gramenet i Badalona.<\/p>\n<p>El passat dia 3 de maig la <strong><a href=\"https:\/\/www.fadq.org\/\">Fundaci\u00f3 Avedis Donabedian<\/a> <\/strong>de l\u2019Institut Universitari de la UAB va atorgar un premi al projecte per a la millora de la qualitat en l\u2019atenci\u00f3 a la salut mental a l\u2019ECID o <strong>Equip Cl\u00ednic d&#8217;Intervenci\u00f3 Domicili\u00e0ria\u00a0de\u00a0Santa Coloma de Gramenet i Badalona<\/strong>, on el Departament d\u2019Educaci\u00f3 disposa d\u2019una docent orientadora.<\/p>\n<p>El premi va ser recollit pel doctor Mark Dangerfield, director de l\u2019Institut Universitari de Salut Mental Vidal i Barraquer de la Universitat Ramon Llull i coordinador del projecte ECID. Es tracta d\u2019un reconeixement d\u2019un model de treball que representa la tend\u00e8ncia futura per al desenvolupament de l\u2019\u00e0rea de Salut Mental.<\/p>\n<p>L\u2019ECID \u00e9s un projecte capdavanter basat en el model AMBIT de <a href=\"http:\/\/www.annafreud.org\/\">l\u2019Institut Anna Freud National Centre for Children and Families<\/a> de Londres. S\u2019at\u00e9n adolescents amb alt risc psicopatol\u00f2gic i d\u2019exclusi\u00f3 social desvinculats de la xarxa de salut mental i d\u2019educaci\u00f3.<\/p>\n<p>L\u2019objectiu \u00e9s que aquests adolescents reprenguin un projecte de vida mitjan\u00e7ant un model de treball que inclou l\u2019atenci\u00f3 del trastorn mental, la re-vinculaci\u00f3 a un proc\u00e9s formatiu i educatiu i el refor\u00e7 de la xarxa social de recursos de la comunitat. L\u2019equip treballa per tal que els joves reprenguin constructivament un cam\u00ed de vida, atenent-los al mateix domicili o all\u00e0 on sigui necessari.<\/p>\n<p>L\u2019ECID compta amb professionals de diferents disciplines de la salut mental i, actualment, el de Badalona, t\u00e9 un docent del Departament d\u2019Educaci\u00f3. El curs vinent l&#8217;ECID de Santa Coloma de Gramenet tindr\u00e0 tamb\u00e9 un docent dins del seu equip.<\/p>\n<p>En definitiva, es tracta d\u2019una resposta pionera que va m\u00e9s enll\u00e0 del model d\u2019intervenci\u00f3 comunit\u00e0ria, at\u00e8s que parteix de la comprensi\u00f3 i respecte de les experi\u00e8ncies relacionals de partida i ajuda en la construcci\u00f3 d\u2019una xarxa de confian\u00e7a, tot proporcionant eines de mentalitzaci\u00f3 i aplicant principis i pr\u00e0ctiques de treball que afavoreixen una posici\u00f3 d\u2019aprenentatge en el mateix equip.<\/p>\n<div id=\"capti-toolbox\" class=\"capti-toolbox-close\">Serveis Territorials a Barcelona Comarques.<\/div>\n<div id=\"cap-small-context-menu\" class=\" \" style=\"left: 491.163px; top: 815.2px;\">\n<div class=\"capti-item-parent\">\n<div class=\"capti-icon capti-play-toolbox\" title=\"Play (Alt + Q)\"><\/div>\n<\/div>\n<\/div>\n<div id=\"capti-toolbox\" class=\"capti-toolbox-close\"><\/div>\n<div id=\"cap-small-context-menu\"><\/div>\n<div id=\"capti-toolbox\" class=\"capti-toolbox-close\"><\/div>\n<div id=\"cap-small-context-menu\"><\/div>\n<div id=\"capti-toolbox\" class=\"capti-toolbox-close\"><\/div>\n<div id=\"cap-small-context-menu\"><\/div>\n<div id=\"capti-toolbox\" class=\"capti-toolbox-close\"><\/div>\n<div id=\"cap-small-context-menu\"><\/div>\n<div id=\"capti-toolbox\" class=\"capti-toolbox-close\"><\/div>\n<div id=\"cap-small-context-menu\"><\/div>\n<div id=\"capti-toolbox\" class=\"capti-toolbox-close\"><\/div>\n<div id=\"cap-small-context-menu\"><\/div>\n","protected":false},"excerpt":{"rendered":"<p><a href=\"https:\/\/projectes.xtec.cat\/educacioinclusiva\/general\/un-exit-del-treball-en-xarxa\/attachment\/ecid\/\" rel=\"attachment wp-att-9666\"><\/a><br \/>\nS\u2019atorga el Premi\u00a0 Avedis\u00a0 Donabediam a la millora de la qualitat en l\u2019atenci\u00f3 a la salut mental a l\u2019ECID o Equip Cl\u00ednic d\u2019Intervenci\u00f3 Domicili\u00e0ria de Santa Coloma de Gramenet i Badalona.<br \/>\nEl passat dia 3 de maig la <a href=\"https:\/\/www.fadq.org\/\">Fundaci\u00f3 Avedis Donabedian<\/a> de&hellip;  <a href=\"https:\/\/projectes.xtec.cat\/educacioinclusiva\/general\/un-exit-del-treball-en-xarxa\/\" title=\"Read Un \u00e8xit del treball en xarxa\">Llegeix m\u00e9s\u00bb<\/a><\/p>\n","protected":false},"author":4,"featured_media":9666,"comment_status":"closed","ping_status":"closed","sticky":false,"template":"","format":"standard","meta":{"_bbp_topic_count":0,"_bbp_reply_count":0,"_bbp_total_topic_count":0,"_bbp_total_reply_count":0,"_bbp_voice_count":0,"_bbp_anonymous_reply_count":0,"_bbp_topic_count_hidden":0,"_bbp_reply_count_hidden":0,"_bbp_forum_subforum_count":0,"footnotes":""},"categories":[303,300,1,29],"tags":[],"class_list":["post-9665","post","type-post","status-publish","format-standard","has-post-thumbnail","hentry","category-aed","category-ah","category-general","category-portada"],"post_mailing_queue_ids":[],"_links":{"self":[{"href":"https:\/\/projectes.xtec.cat\/educacioinclusiva\/wp-json\/wp\/v2\/posts\/9665","targetHints":{"allow":["GET"]}}],"collection":[{"href":"https:\/\/projectes.xtec.cat\/educacioinclusiva\/wp-json\/wp\/v2\/posts"}],"about":[{"href":"https:\/\/projectes.xtec.cat\/educacioinclusiva\/wp-json\/wp\/v2\/types\/post"}],"author":[{"embeddable":true,"href":"https:\/\/projectes.xtec.cat\/educacioinclusiva\/wp-json\/wp\/v2\/users\/4"}],"replies":[{"embeddable":true,"href":"https:\/\/projectes.xtec.cat\/educacioinclusiva\/wp-json\/wp\/v2\/comments?post=9665"}],"version-history":[{"count":3,"href":"https:\/\/projectes.xtec.cat\/educacioinclusiva\/wp-json\/wp\/v2\/posts\/9665\/revisions"}],"predecessor-version":[{"id":9685,"href":"https:\/\/projectes.xtec.cat\/educacioinclusiva\/wp-json\/wp\/v2\/posts\/9665\/revisions\/9685"}],"wp:featuredmedia":[{"embeddable":true,"href":"https:\/\/projectes.xtec.cat\/educacioinclusiva\/wp-json\/wp\/v2\/media\/9666"}],"wp:attachment":[{"href":"https:\/\/projectes.xtec.cat\/educacioinclusiva\/wp-json\/wp\/v2\/media?parent=9665"}],"wp:term":[{"taxonomy":"category","embeddable":true,"href":"https:\/\/projectes.xtec.cat\/educacioinclusiva\/wp-json\/wp\/v2\/categories?post=9665"},{"taxonomy":"post_tag","embeddable":true,"href":"https:\/\/projectes.xtec.cat\/educacioinclusiva\/wp-json\/wp\/v2\/tags?post=9665"}],"curies":[{"name":"wp","href":"https:\/\/api.w.org\/{rel}","templated":true}]}}