{"id":9714,"date":"2023-05-19T14:09:42","date_gmt":"2023-05-19T12:09:42","guid":{"rendered":"https:\/\/projectes.xtec.cat\/educacioinclusiva\/?p=9714"},"modified":"2023-05-19T14:10:09","modified_gmt":"2023-05-19T12:10:09","slug":"jornada-de-treball-amb-les-administracions-daustria-alemanya-i-italia-en-el-marc-de-lerasmus-govined","status":"publish","type":"post","link":"https:\/\/projectes.xtec.cat\/educacioinclusiva\/general\/jornada-de-treball-amb-les-administracions-daustria-alemanya-i-italia-en-el-marc-de-lerasmus-govined\/","title":{"rendered":"Jornada de treball amb les administracions d\u2019\u00c0ustria, Alemanya i It\u00e0lia en el marc de l\u2019Erasmus + Govined"},"content":{"rendered":"<p><a href=\"https:\/\/projectes.xtec.cat\/educacioinclusiva\/general\/jornada-de-treball-amb-les-administracions-daustria-alemanya-i-italia-en-el-marc-de-lerasmus-govined\/attachment\/gobinet\/\" rel=\"attachment wp-att-9715\"><img loading=\"lazy\" decoding=\"async\" class=\"wp-image-9715 size-medium alignright\" src=\"https:\/\/projectes.xtec.cat\/educacioinclusiva\/wp-content\/uploads\/usu2065\/2023\/05\/Gobinet-300x225.jpg\" alt=\"Talula de reunions amb persones de diferents pa\u00efsos\" width=\"300\" height=\"225\" srcset=\"https:\/\/projectes.xtec.cat\/educacioinclusiva\/wp-content\/uploads\/usu2065\/2023\/05\/Gobinet-300x225.jpg 300w, https:\/\/projectes.xtec.cat\/educacioinclusiva\/wp-content\/uploads\/usu2065\/2023\/05\/Gobinet-1024x768.jpg 1024w, https:\/\/projectes.xtec.cat\/educacioinclusiva\/wp-content\/uploads\/usu2065\/2023\/05\/Gobinet-768x576.jpg 768w, https:\/\/projectes.xtec.cat\/educacioinclusiva\/wp-content\/uploads\/usu2065\/2023\/05\/Gobinet-1536x1152.jpg 1536w, https:\/\/projectes.xtec.cat\/educacioinclusiva\/wp-content\/uploads\/usu2065\/2023\/05\/Gobinet-2048x1536.jpg 2048w, https:\/\/projectes.xtec.cat\/educacioinclusiva\/wp-content\/uploads\/usu2065\/2023\/05\/Gobinet-200x150.jpg 200w\" sizes=\"auto, (max-width: 300px) 100vw, 300px\" \/><\/a><\/p>\n<p>En el marc de l\u2019Erasmus+ Governance in Inclusive Education (GOVINED), el passat mes d\u2019abril el personal t\u00e8cnic docent de la Direcci\u00f3 General d\u2019Educaci\u00f3 Inclusiva ha tingut la oportunitat d\u2019intercanviar aspectes sobre la govenan\u00e7a de l\u2019educaci\u00f3 inclusiva Catalunya, Styria (\u00e0ustria), Sud Tirol (It\u00e0lia) i Baden W\u00fctenberg (Alemanyia). En aquesta sessi\u00f3 s\u2019han abordat temes com la cultura inclusiva, el funcionament del treball en xarxa, l\u2019avaluaci\u00f3 de les necessitats de l\u2019alumnat, l\u2019assignaci\u00f3 de recursos o la formaci\u00f3 dels docents.<\/p>\n<p>El fet de poder con\u00e8ixer diverses formes de governan\u00e7a de l\u2019educaci\u00f3 inclusiva en els pa\u00efsos europeus ens permet veure altres maneres i models de legislar, gestionar els recursos i establir xarxes i a la vegada ens permet valorar des de la perspectiva dels altres pa\u00efsos la nostra manera de treballar.<\/p>\n<p>L\u2019objectiu final del programa Erasmus es donar a con\u00e8ixer la governan\u00e7a de l\u2019educaci\u00f3 inclusiva en els diversos pa\u00efsos, per\u00f2 a la vegada ens permet fomentar les xarxes de coordinaci\u00f3 amb altres pa\u00efsos i la internacionalitzaci\u00f3 de l\u2019administraci\u00f3.<\/p>\n<div id=\"capti-toolbox\" class=\"capti-toolbox-close\"><\/div>\n<div id=\"cap-small-context-menu\"><\/div>\n<div id=\"capti-toolbox\" class=\"capti-toolbox-close\"><\/div>\n<div id=\"cap-small-context-menu\"><\/div>\n<div id=\"capti-toolbox\" class=\"capti-toolbox-close\"><\/div>\n<div id=\"cap-small-context-menu\"><\/div>\n<div id=\"capti-toolbox\" class=\"capti-toolbox-close\"><\/div>\n<div id=\"cap-small-context-menu\"><\/div>\n","protected":false},"excerpt":{"rendered":"<p><a href=\"https:\/\/projectes.xtec.cat\/educacioinclusiva\/general\/jornada-de-treball-amb-les-administracions-daustria-alemanya-i-italia-en-el-marc-de-lerasmus-govined\/attachment\/gobinet\/\" rel=\"attachment wp-att-9715\"><\/a><br \/>\nEn el marc de l\u2019Erasmus+ Governance in Inclusive Education (GOVINED), el passat mes d\u2019abril el personal t\u00e8cnic docent de la Direcci\u00f3 General d\u2019Educaci\u00f3 Inclusiva ha tingut la oportunitat d\u2019intercanviar aspectes sobre la govenan\u00e7a de l\u2019educaci\u00f3 inclusiva Catalunya, Styria (\u00e0ustria), Sud Tirol (It\u00e0lia)&hellip;  <a href=\"https:\/\/projectes.xtec.cat\/educacioinclusiva\/general\/jornada-de-treball-amb-les-administracions-daustria-alemanya-i-italia-en-el-marc-de-lerasmus-govined\/\" title=\"Read Jornada de treball amb les administracions d\u2019\u00c0ustria, Alemanya i It\u00e0lia en el marc de l\u2019Erasmus + Govined\">Llegeix m\u00e9s\u00bb<\/a><\/p>\n","protected":false},"author":4,"featured_media":9716,"comment_status":"closed","ping_status":"closed","sticky":false,"template":"","format":"standard","meta":{"_bbp_topic_count":0,"_bbp_reply_count":0,"_bbp_total_topic_count":0,"_bbp_total_reply_count":0,"_bbp_voice_count":0,"_bbp_anonymous_reply_count":0,"_bbp_topic_count_hidden":0,"_bbp_reply_count_hidden":0,"_bbp_forum_subforum_count":0,"footnotes":""},"categories":[385,1],"tags":[369],"class_list":["post-9714","post","type-post","status-publish","format-standard","has-post-thumbnail","hentry","category-erasmus","category-general","tag-erasmus"],"post_mailing_queue_ids":[],"_links":{"self":[{"href":"https:\/\/projectes.xtec.cat\/educacioinclusiva\/wp-json\/wp\/v2\/posts\/9714","targetHints":{"allow":["GET"]}}],"collection":[{"href":"https:\/\/projectes.xtec.cat\/educacioinclusiva\/wp-json\/wp\/v2\/posts"}],"about":[{"href":"https:\/\/projectes.xtec.cat\/educacioinclusiva\/wp-json\/wp\/v2\/types\/post"}],"author":[{"embeddable":true,"href":"https:\/\/projectes.xtec.cat\/educacioinclusiva\/wp-json\/wp\/v2\/users\/4"}],"replies":[{"embeddable":true,"href":"https:\/\/projectes.xtec.cat\/educacioinclusiva\/wp-json\/wp\/v2\/comments?post=9714"}],"version-history":[{"count":3,"href":"https:\/\/projectes.xtec.cat\/educacioinclusiva\/wp-json\/wp\/v2\/posts\/9714\/revisions"}],"predecessor-version":[{"id":9721,"href":"https:\/\/projectes.xtec.cat\/educacioinclusiva\/wp-json\/wp\/v2\/posts\/9714\/revisions\/9721"}],"wp:featuredmedia":[{"embeddable":true,"href":"https:\/\/projectes.xtec.cat\/educacioinclusiva\/wp-json\/wp\/v2\/media\/9716"}],"wp:attachment":[{"href":"https:\/\/projectes.xtec.cat\/educacioinclusiva\/wp-json\/wp\/v2\/media?parent=9714"}],"wp:term":[{"taxonomy":"category","embeddable":true,"href":"https:\/\/projectes.xtec.cat\/educacioinclusiva\/wp-json\/wp\/v2\/categories?post=9714"},{"taxonomy":"post_tag","embeddable":true,"href":"https:\/\/projectes.xtec.cat\/educacioinclusiva\/wp-json\/wp\/v2\/tags?post=9714"}],"curies":[{"name":"wp","href":"https:\/\/api.w.org\/{rel}","templated":true}]}}