{"id":9758,"date":"2023-05-24T17:44:00","date_gmt":"2023-05-24T15:44:00","guid":{"rendered":"https:\/\/projectes.xtec.cat\/educacioinclusiva\/?p=9758"},"modified":"2023-06-01T16:41:19","modified_gmt":"2023-06-01T14:41:19","slug":"jornada-dinternacionalitzacio-del-projecte-erasmus-consorci-europeu-per-a-la-transformacio-educativa-cete-21","status":"publish","type":"post","link":"https:\/\/projectes.xtec.cat\/educacioinclusiva\/general\/jornada-dinternacionalitzacio-del-projecte-erasmus-consorci-europeu-per-a-la-transformacio-educativa-cete-21\/","title":{"rendered":"Jornada d\u2019internacionalitzaci\u00f3 del projecte ERASMUS+  Consorci Europeu per a la transformaci\u00f3 Educativa CETE+ 21"},"content":{"rendered":"<div id=\"capti-toolbox\" class=\"capti-toolbox-close\">\n<p><a href=\"https:\/\/projectes.xtec.cat\/educacioinclusiva\/general\/jornada-dinternacionalitzacio-del-projecte-erasmus-consorci-europeu-per-a-la-transformacio-educativa-cete-21\/attachment\/jornada-cete\/\" rel=\"attachment wp-att-9760\"><img loading=\"lazy\" decoding=\"async\" class=\"aligncenter size-full wp-image-9760\" src=\"https:\/\/projectes.xtec.cat\/educacioinclusiva\/wp-content\/uploads\/usu2065\/2023\/05\/Jornada-CETE.png\" alt=\"Sala plena de gent a la jornada\" width=\"549\" height=\"353\" srcset=\"https:\/\/projectes.xtec.cat\/educacioinclusiva\/wp-content\/uploads\/usu2065\/2023\/05\/Jornada-CETE.png 549w, https:\/\/projectes.xtec.cat\/educacioinclusiva\/wp-content\/uploads\/usu2065\/2023\/05\/Jornada-CETE-300x193.png 300w\" sizes=\"auto, (max-width: 549px) 100vw, 549px\" \/><\/a><\/p>\n<\/div>\n<p>El passat dimarts 16 de maig de 2023 l\u2019equip dels centres educatius que conformen el microconsorci d\u2019educaci\u00f3 inclusiva (MCEI) liderat pel servei de suports i mesures per a la inclusi\u00f3 de la Direcci\u00f3 general d\u2019educaci\u00f3 inclusiva van assistir juntament amb la resta de microconsorcis, catorze en total, a la Jornada d\u2019internacionalitzaci\u00f3 del projecte ERASMUS+\u00a0 Consorci Europeu per a la transformaci\u00f3 Educativa CETE+ 21. Una Jornada clau per seguir participant en l\u2019Espai d\u2019Educaci\u00f3 Europeu i consolidar la millora de la qualitat educativa.<\/p>\n<p>Una Jornada de transfer\u00e8ncia entre els equips participants amb un programa molt interessant amb l\u2019objectiu de participar i compartir els resultats i l\u2019impacte del projecte CETE+. Una oportunitat per poder con\u00e8ixer els diferents projectes, la pon\u00e8ncia de la Sra. Marina Casals, directora de Relacions Internacionals de la Universitat Rovira i Virgili de Tarragona i disposar d\u2019un espai on els participants dels diferents projectes restaven distribu\u00efts per taules compartint reflexions, intercanviant experi\u00e8ncies i consensuant els elements claus que han ajudat a millorar en l\u2019\u00e0mbit de gesti\u00f3 i organitzaci\u00f3, en l\u2019\u00e0mbit metodol\u00f2gic i did\u00e0ctic i en l\u2019\u00e0mbit d\u2019aprenentatge de l\u2019alumnat.<\/p>\n<p>Els 14 microconsorcis participants de les Jornades s\u00f3n: <strong>AEA <\/strong>(aprendre en l\u2019escola que apr\u00e8n),\u00a0<strong>APRB<\/strong> (#aqu\u00edproubullying),\u00a0<strong>EMAILC<\/strong> (Enfocaments metodol\u00f2gics per a l\u2019ensenyament integrat de lleng\u00fces estrangeres i continguts),\u00a0<strong>ESAM-TILC <\/strong>(Estrat\u00e8gies de suport a l\u2019alumnat d\u2019origen estranger en totes les \u00e0rees i mat\u00e8ries),\u00a0<strong>IA <\/strong>(Innovaci\u00f3 Avan\u00e7ada),\u00a0<strong>MALD<\/strong> (Mobilitat de Llarga durada per a l\u2019aprenentatge de lleng\u00fces estrangeres),\u00a0<strong>MATE <\/strong>(Marc per a la Transformaci\u00f3 Educativa),\u00a0<strong>MCEI <\/strong>(Centres educatius inclusius, implementaci\u00f3 de Mesures i Suports Universals),\u00a0<strong>MobEdu <\/strong>(Mobile Learning),\u00a0<strong>PRODOC <\/strong>(Desenvolupament professional docent en els centres),\u00a0<strong>PuntEdu <\/strong>(Biblioteca Escolar PuntEdu), <strong>SC4 <\/strong>(SteamCat 4.0), <strong>SECO <\/strong>(Servei Comunitari) i <strong>TATEE <\/strong>(Transformaci\u00f3 d\u2019Espais Educatius).<\/p>\n<p>Presentaci\u00f3 del microconsorci d\u2019educaci\u00f3 inclusiva a c\u00e0rrec d\u2019una de les coordinadores d\u2019un dels centres educatius participants.<\/p>\n<p><iframe loading=\"lazy\" title=\"Microconsorci d&#039;educaci\u00f3 Inclusiva. Erasmus+ CETE+\" width=\"500\" height=\"281\" src=\"https:\/\/www.youtube.com\/embed\/vHcCiKBbMuA?feature=oembed\" frameborder=\"0\" allow=\"accelerometer; autoplay; clipboard-write; encrypted-media; gyroscope; picture-in-picture; web-share\" referrerpolicy=\"strict-origin-when-cross-origin\" allowfullscreen><\/iframe><\/p>\n<p>Els centres que conformen el microconsorci d&#8217;educaci\u00f3 Inclusiva s\u00f3n:<\/p>\n<ul>\n<li>Escola Abat Oliba, Cornell\u00e0 de Llobregat<\/li>\n<li>Escola Llebetx, Vilanova i la Geltr\u00fa<\/li>\n<li>Escola Ant\u00f2nia Sim\u00f3 i Arn\u00f3, Almacelles<\/li>\n<li>Escola Llagostera, Llagostera<\/li>\n<li>Institut Baix a Mar, Vilanova i la Geltr\u00fa<\/li>\n<li>Institut Constant\u00ed, Constant\u00ed<\/li>\n<li>Institut Francesc Ribalta, Solsona<\/li>\n<\/ul>\n<p>Moltes gr\u00e0cies a tots i totes per contribuir a la millora educativa, la millora professional i l\u2019\u00e8xit educatiu.<\/p>\n<p>Seguim avan\u00e7ant!<\/p>\n<div id=\"capti-toolbox\" class=\"capti-toolbox-close\"><\/div>\n<div id=\"cap-small-context-menu\"><\/div>\n<div id=\"capti-toolbox\" class=\"capti-toolbox-close\"><\/div>\n<div id=\"cap-small-context-menu\"><\/div>\n<div id=\"capti-toolbox\" class=\"capti-toolbox-close\"><\/div>\n<div id=\"cap-small-context-menu\"><\/div>\n<div id=\"capti-toolbox\" class=\"capti-toolbox-close\"><\/div>\n<div id=\"cap-small-context-menu\"><\/div>\n<div id=\"capti-toolbox\" class=\"capti-toolbox-close\"><\/div>\n<div id=\"cap-small-context-menu\" class=\" \" style=\"left: 423.578px; top: 41px;\">\n<div class=\"capti-item-parent\">\n<div class=\"capti-icon capti-play-toolbox\" title=\"Play (Alt + Q)\"><\/div>\n<\/div>\n<div class=\"capti-item-parent\">\n<div class=\"capti-icon capti-view-toolbox\" title=\"View (Alt + X)\"><\/div>\n<\/div>\n<div class=\"capti-item-parent\">\n<div class=\"capti-icon capti-define-toolbox\" title=\"Define\"><\/div>\n<\/div>\n<div class=\"capti-item-parent\">\n<div class=\"capti-icon capti-transition-toolbox\" title=\"Translate\"><\/div>\n<\/div>\n<\/div>\n<div id=\"capti-toolbox\" class=\"capti-toolbox-close\"><\/div>\n<div id=\"cap-small-context-menu\"><\/div>\n<div id=\"capti-toolbox\" class=\"capti-toolbox-close\"><\/div>\n<div id=\"cap-small-context-menu\"><\/div>\n<div id=\"capti-toolbox\" class=\"capti-toolbox-close\"><\/div>\n<div id=\"cap-small-context-menu\"><\/div>\n<div id=\"capti-toolbox\" class=\"capti-toolbox-close\"><\/div>\n<div id=\"cap-small-context-menu\"><\/div>\n<div id=\"capti-toolbox\" class=\"capti-toolbox-close\"><\/div>\n<div id=\"cap-small-context-menu\"><\/div>\n<div id=\"capti-toolbox\" class=\"capti-toolbox-close\"><\/div>\n<div id=\"cap-small-context-menu\"><\/div>\n","protected":false},"excerpt":{"rendered":"<p><a href=\"https:\/\/projectes.xtec.cat\/educacioinclusiva\/general\/jornada-dinternacionalitzacio-del-projecte-erasmus-consorci-europeu-per-a-la-transformacio-educativa-cete-21\/attachment\/jornada-cete\/\" rel=\"attachment wp-att-9760\"><\/a><\/p>\n<p>El passat dimarts 16 de maig de 2023 l\u2019equip dels centres educatius que conformen el microconsorci d\u2019educaci\u00f3 inclusiva (MCEI) liderat pel servei de suports i mesures per a la inclusi\u00f3 de la Direcci\u00f3 general d\u2019educaci\u00f3 inclusiva van assistir juntament amb la resta&hellip;  <a href=\"https:\/\/projectes.xtec.cat\/educacioinclusiva\/general\/jornada-dinternacionalitzacio-del-projecte-erasmus-consorci-europeu-per-a-la-transformacio-educativa-cete-21\/\" title=\"Read Jornada d\u2019internacionalitzaci\u00f3 del projecte ERASMUS+  Consorci Europeu per a la transformaci\u00f3 Educativa CETE+ 21\">Llegeix m\u00e9s\u00bb<\/a><\/p>\n","protected":false},"author":4,"featured_media":9760,"comment_status":"closed","ping_status":"closed","sticky":false,"template":"","format":"standard","meta":{"_bbp_topic_count":0,"_bbp_reply_count":0,"_bbp_total_topic_count":0,"_bbp_total_reply_count":0,"_bbp_voice_count":0,"_bbp_anonymous_reply_count":0,"_bbp_topic_count_hidden":0,"_bbp_reply_count_hidden":0,"_bbp_forum_subforum_count":0,"footnotes":""},"categories":[385,1],"tags":[370,372,374],"class_list":["post-9758","post","type-post","status-publish","format-standard","has-post-thumbnail","hentry","category-erasmus","category-general","tag-cete","tag-educacioinclusiva","tag-mcei"],"post_mailing_queue_ids":[],"_links":{"self":[{"href":"https:\/\/projectes.xtec.cat\/educacioinclusiva\/wp-json\/wp\/v2\/posts\/9758","targetHints":{"allow":["GET"]}}],"collection":[{"href":"https:\/\/projectes.xtec.cat\/educacioinclusiva\/wp-json\/wp\/v2\/posts"}],"about":[{"href":"https:\/\/projectes.xtec.cat\/educacioinclusiva\/wp-json\/wp\/v2\/types\/post"}],"author":[{"embeddable":true,"href":"https:\/\/projectes.xtec.cat\/educacioinclusiva\/wp-json\/wp\/v2\/users\/4"}],"replies":[{"embeddable":true,"href":"https:\/\/projectes.xtec.cat\/educacioinclusiva\/wp-json\/wp\/v2\/comments?post=9758"}],"version-history":[{"count":3,"href":"https:\/\/projectes.xtec.cat\/educacioinclusiva\/wp-json\/wp\/v2\/posts\/9758\/revisions"}],"predecessor-version":[{"id":9799,"href":"https:\/\/projectes.xtec.cat\/educacioinclusiva\/wp-json\/wp\/v2\/posts\/9758\/revisions\/9799"}],"wp:featuredmedia":[{"embeddable":true,"href":"https:\/\/projectes.xtec.cat\/educacioinclusiva\/wp-json\/wp\/v2\/media\/9760"}],"wp:attachment":[{"href":"https:\/\/projectes.xtec.cat\/educacioinclusiva\/wp-json\/wp\/v2\/media?parent=9758"}],"wp:term":[{"taxonomy":"category","embeddable":true,"href":"https:\/\/projectes.xtec.cat\/educacioinclusiva\/wp-json\/wp\/v2\/categories?post=9758"},{"taxonomy":"post_tag","embeddable":true,"href":"https:\/\/projectes.xtec.cat\/educacioinclusiva\/wp-json\/wp\/v2\/tags?post=9758"}],"curies":[{"name":"wp","href":"https:\/\/api.w.org\/{rel}","templated":true}]}}