{"id":9823,"date":"2023-07-07T09:07:42","date_gmt":"2023-07-07T07:07:42","guid":{"rendered":"https:\/\/projectes.xtec.cat\/educacioinclusiva\/?p=9823"},"modified":"2023-07-07T09:07:42","modified_gmt":"2023-07-07T07:07:42","slug":"avancarem-cap-a-una-escola-inclusiva-quan-siguem-capacos-de-canviar-les-nostres-creences-i-millorar-les-nostres-practiques","status":"publish","type":"post","link":"https:\/\/projectes.xtec.cat\/educacioinclusiva\/general\/avancarem-cap-a-una-escola-inclusiva-quan-siguem-capacos-de-canviar-les-nostres-creences-i-millorar-les-nostres-practiques\/","title":{"rendered":"\u201cAvan\u00e7arem cap a una escola inclusiva quan siguem capa\u00e7os de canviar les nostres creences i millorar les nostres pr\u00e0ctiques\u201d"},"content":{"rendered":"<p><strong>Ascen D\u00edez de Ulzurrun Pausas\u00a0| Mestra i pedagoga; directora de l\u2019EAP Alt Pened\u00e8s<\/strong><\/p>\n<p><a href=\"https:\/\/projectes.xtec.cat\/educacioinclusiva\/?attachment_id=9821\" rel=\"attachment wp-att-9821\"><img loading=\"lazy\" decoding=\"async\" class=\"aligncenter wp-image-9821 size-large\" src=\"https:\/\/projectes.xtec.cat\/educacioinclusiva\/wp-content\/uploads\/usu2065\/2023\/07\/ascen-diez-1024x683.jpg\" alt=\"Ascen Diaz\" width=\"1024\" height=\"683\" srcset=\"https:\/\/projectes.xtec.cat\/educacioinclusiva\/wp-content\/uploads\/usu2065\/2023\/07\/ascen-diez-1024x683.jpg 1024w, https:\/\/projectes.xtec.cat\/educacioinclusiva\/wp-content\/uploads\/usu2065\/2023\/07\/ascen-diez-300x200.jpg 300w, https:\/\/projectes.xtec.cat\/educacioinclusiva\/wp-content\/uploads\/usu2065\/2023\/07\/ascen-diez-768x512.jpg 768w, https:\/\/projectes.xtec.cat\/educacioinclusiva\/wp-content\/uploads\/usu2065\/2023\/07\/ascen-diez.jpg 1200w\" sizes=\"auto, (max-width: 1024px) 100vw, 1024px\" \/><\/a><\/p>\n<p class=\"article__byline\"><a class=\"article__byline-author\" href=\"https:\/\/www.social.cat\/autor\/silvia-rodriguez\">Silvia Rodr\u00edguez G\u00f3mez<\/a>\u00a0\u00a0<a class=\"article__byline-external\" href=\"https:\/\/twitter.com\/socialpuntcat\">@socialpuntcat\u00a0<i class=\"svg-icon svg-icon-social-link\"><\/i><\/a><\/p>\n<p class=\"article__lead\">Per a la mestra i pedagoga Ascen D\u00edez de Ulzurrun no hi ha dubtes: l\u2019escola inclusiva no \u00e9s cap quimera; \u00e9s una realitat que ella, com a directora de l\u2019Equip d\u2019assessorament i atenci\u00f3 psicopedag\u00f2gica (EAP) de l\u2019Alt Pened\u00e8s, est\u00e0 contribuint a introduir a les aules de la seva comarca amb una metodologia que funciona. Les seves raons parteixen de la convicci\u00f3 que qualsevol infant pot estar a una escola ordin\u00e0ria. Com? Amb acompanyament de professionals especialitzats i amb un equip docent que cregui fermament en l\u2019escola inclusiva.<\/p>\n<p>D\u00edez de Ulzurrun, que porta tota una vida treballant per l\u2019escola inclusiva dins i fora de les aules \u2014des de la investigaci\u00f3 universit\u00e0ria; com a membre de l\u2019equip de Dincat que ha plantejat la transformaci\u00f3 dels centres d\u2019educaci\u00f3 especial; i tamb\u00e9 des del GIEE (Grup d\u2019Investigaci\u00f3 en Educaci\u00f3 Especial)\u2014 explica en aquesta entrevista de quina manera treballa el seu equip i per qu\u00e8 cal parar atenci\u00f3 a la feina que s\u2019est\u00e0 realitzant a l\u2019Alt Pened\u00e8s.<\/p>\n<p>Segueix llegint a <a href=\"https:\/\/www.social.cat\/entrevista\/19180\/podrem-avancar-cap-a-una-escola-per-a-tothom-quan-junts-siguem-capacos-de-canviar-les-nost\" target=\"_blank\" rel=\"noopener\">social.cat<\/a><\/p>\n<div id=\"capti-toolbox\" class=\"capti-toolbox-close\"><\/div>\n<div id=\"cap-small-context-menu\"><\/div>\n<div id=\"capti-toolbox\" class=\"capti-toolbox-close\"><\/div>\n<div id=\"cap-small-context-menu\" class=\" \" style=\"left: 104.281px; top: 1028.75px;\">\n<div class=\"capti-item-parent\">\n<div class=\"capti-icon capti-play-toolbox\" title=\"Play (Alt + Q)\"><\/div>\n<\/div>\n<div class=\"capti-item-parent\">\n<div class=\"capti-icon capti-view-toolbox\" title=\"View (Alt + X)\"><\/div>\n<\/div>\n<div class=\"capti-item-parent\">\n<div class=\"capti-icon capti-define-toolbox\" title=\"Define\"><\/div>\n<\/div>\n<div class=\"capti-item-parent\">\n<div class=\"capti-icon capti-transition-toolbox\" title=\"Translate\"><\/div>\n<\/div>\n<\/div>\n<div id=\"capti-toolbox\" class=\"capti-toolbox-close\"><\/div>\n<div id=\"cap-small-context-menu\"><\/div>\n","protected":false},"excerpt":{"rendered":"<p>Ascen D\u00edez de Ulzurrun Pausas\u00a0| Mestra i pedagoga; directora de l\u2019EAP Alt Pened\u00e8s<br \/>\n<a href=\"https:\/\/projectes.xtec.cat\/educacioinclusiva\/?attachment_id=9821\" rel=\"attachment wp-att-9821\"><\/a><br \/>\n<a class=\"article__byline-author\" href=\"https:\/\/www.social.cat\/autor\/silvia-rodriguez\">Silvia Rodr\u00edguez G\u00f3mez<\/a>\u00a0\u00a0<a class=\"article__byline-external\" href=\"https:\/\/twitter.com\/socialpuntcat\">@socialpuntcat\u00a0<\/a><br \/>\nPer a la mestra i pedagoga Ascen D\u00edez de Ulzurrun no hi ha dubtes: l\u2019escola inclusiva no \u00e9s cap quimera; \u00e9s una realitat que&hellip;  <a href=\"https:\/\/projectes.xtec.cat\/educacioinclusiva\/general\/avancarem-cap-a-una-escola-inclusiva-quan-siguem-capacos-de-canviar-les-nostres-creences-i-millorar-les-nostres-practiques\/\" title=\"Read \u201cAvan\u00e7arem cap a una escola inclusiva quan siguem capa\u00e7os de canviar les nostres creences i millorar les nostres pr\u00e0ctiques\u201d\">Llegeix m\u00e9s\u00bb<\/a><\/p>\n","protected":false},"author":4,"featured_media":9821,"comment_status":"closed","ping_status":"closed","sticky":false,"template":"","format":"standard","meta":{"_bbp_topic_count":0,"_bbp_reply_count":0,"_bbp_total_topic_count":0,"_bbp_total_reply_count":0,"_bbp_voice_count":0,"_bbp_anonymous_reply_count":0,"_bbp_topic_count_hidden":0,"_bbp_reply_count_hidden":0,"_bbp_forum_subforum_count":0,"footnotes":""},"categories":[305,1,29],"tags":[],"class_list":["post-9823","post","type-post","status-publish","format-standard","has-post-thumbnail","hentry","category-cee","category-general","category-portada"],"post_mailing_queue_ids":[],"_links":{"self":[{"href":"https:\/\/projectes.xtec.cat\/educacioinclusiva\/wp-json\/wp\/v2\/posts\/9823","targetHints":{"allow":["GET"]}}],"collection":[{"href":"https:\/\/projectes.xtec.cat\/educacioinclusiva\/wp-json\/wp\/v2\/posts"}],"about":[{"href":"https:\/\/projectes.xtec.cat\/educacioinclusiva\/wp-json\/wp\/v2\/types\/post"}],"author":[{"embeddable":true,"href":"https:\/\/projectes.xtec.cat\/educacioinclusiva\/wp-json\/wp\/v2\/users\/4"}],"replies":[{"embeddable":true,"href":"https:\/\/projectes.xtec.cat\/educacioinclusiva\/wp-json\/wp\/v2\/comments?post=9823"}],"version-history":[{"count":3,"href":"https:\/\/projectes.xtec.cat\/educacioinclusiva\/wp-json\/wp\/v2\/posts\/9823\/revisions"}],"predecessor-version":[{"id":9835,"href":"https:\/\/projectes.xtec.cat\/educacioinclusiva\/wp-json\/wp\/v2\/posts\/9823\/revisions\/9835"}],"wp:featuredmedia":[{"embeddable":true,"href":"https:\/\/projectes.xtec.cat\/educacioinclusiva\/wp-json\/wp\/v2\/media\/9821"}],"wp:attachment":[{"href":"https:\/\/projectes.xtec.cat\/educacioinclusiva\/wp-json\/wp\/v2\/media?parent=9823"}],"wp:term":[{"taxonomy":"category","embeddable":true,"href":"https:\/\/projectes.xtec.cat\/educacioinclusiva\/wp-json\/wp\/v2\/categories?post=9823"},{"taxonomy":"post_tag","embeddable":true,"href":"https:\/\/projectes.xtec.cat\/educacioinclusiva\/wp-json\/wp\/v2\/tags?post=9823"}],"curies":[{"name":"wp","href":"https:\/\/api.w.org\/{rel}","templated":true}]}}