{"id":9827,"date":"2023-07-10T08:00:33","date_gmt":"2023-07-10T06:00:33","guid":{"rendered":"https:\/\/projectes.xtec.cat\/educacioinclusiva\/?p=9827"},"modified":"2023-07-07T13:17:29","modified_gmt":"2023-07-07T11:17:29","slug":"escola-inclusiva-idees-modestes-per-anar-avancant","status":"publish","type":"post","link":"https:\/\/projectes.xtec.cat\/educacioinclusiva\/general\/escola-inclusiva-idees-modestes-per-anar-avancant\/","title":{"rendered":"Escola inclusiva: idees modestes per anar avan\u00e7ant"},"content":{"rendered":"<p><strong><a href=\"https:\/\/www.social.cat\/opinions\/autor\/victor-saura\">V\u00edctor Saura <\/a><\/strong><\/p>\n<p><a href=\"https:\/\/projectes.xtec.cat\/educacioinclusiva\/?attachment_id=9830\" rel=\"attachment wp-att-9830\"><img loading=\"lazy\" decoding=\"async\" class=\"size-full wp-image-9830 alignleft\" src=\"https:\/\/projectes.xtec.cat\/educacioinclusiva\/wp-content\/uploads\/usu2065\/2023\/07\/Imatge-Victor-Saura.png\" alt=\"V\u00edctor Saura\" width=\"80\" height=\"80\" \/><\/a>V\u00edctor Saura \u00e9s periodista i professor de secund\u00e0ria. Ha treballat per diversos mitjans escrits i en els \u00faltims anys ha dirigit\u00a0<em>El Diari de l\u2019Educaci\u00f3<\/em>.\u00a0Actualment,\u00a0treballa com a inter\u00ed en un institut p\u00fablic de Barcelona. Tamb\u00e9 \u00e9s membre, des de l\u2019any 2003, de la Plataforma Ciutadana per una Escola Inclusiva, a la qual es va incorporar com a pare d\u2019un infant amb s\u00edndrome de Down que aleshores comen\u00e7ava P3.<\/p>\n<p><strong>Sobre educaci\u00f3, i m\u00e9s si es vol inclusiva, cada dia se n\u2019apr\u00e8n.\u00a0<\/strong>Ho apunto d\u2019entrada abans que alg\u00fa es pregunti qui soc jo per donar lli\u00e7ons. No \u00e9s el que pretenc, ni com a pare de qui va ser un alumne amb\u00a0NESE\u00a0i ara \u00e9s un jove en proc\u00e9s d\u2019incorporaci\u00f3 al mercat laboral ordinari, ni com a periodista que ha seguit a fons el debat educatiu, ni ara \u2014molt recentment\u2014\u00a0com a docent de secund\u00e0ria. Per\u00f2 s\u00ed que vull aprofitar aquesta invitaci\u00f3 per compartir algunes idees m\u00e9s o menys encertades que, tal vegada, podrien servir per avan\u00e7ar algunes passes en el llarg cam\u00ed cap a l\u2019escola inclusiva.<\/p>\n<p><strong>Primera. Diria que el m\u00e9s urgent \u00e9s que el sistema educatiu perdi d\u2019una vegada la por a cedir capacitat de decisi\u00f3 a les fam\u00edlies.<\/strong>\u00a0Fins i tot entenent que una etiqueta (diagn\u00f2stic) pot tenir alguna utilitat \u2014estad\u00edstica si m\u00e9s no\u2014, cal partir de la base que no explica pr\u00e0cticament res sobre les necessitats educatives de l\u2019infant al qual li \u00e9s adjudicada. I cal acceptar que qui millor el coneix no seran mai els experts (que l\u2019hauran vist tres o quatre cops a tot estirar), sin\u00f3\u00a0la seva mare\u00a0o\u00a0el seu pare, els quals, tret de casos excepcionals, el veuen cada dia d\u2019en\u00e7\u00e0 que va n\u00e9ixer. Als t\u00e8cnics (que no experts) se\u2019ls ha d\u2019escoltar, per\u00f2 han de decidir les fam\u00edlies, i encara avui sovint aix\u00f2 no passa. Aquest \u00e9s el punt que m\u00e9s frustra i irrita les fam\u00edlies. Habitualment amb ra\u00f3.<\/p>\n<p>Segueix llegint a <a href=\"https:\/\/www.social.cat\/opinio\/19068\/escola-inclusiva-idees-modestes-per-anar-avancant\" target=\"_blank\" rel=\"noopener\">social.cat<\/a><\/p>\n<div id=\"capti-toolbox\" class=\"capti-toolbox-close\"><\/div>\n<div id=\"cap-small-context-menu\"><\/div>\n<div id=\"capti-toolbox\" class=\"capti-toolbox-close\"><\/div>\n<div id=\"cap-small-context-menu\"><\/div>\n<div id=\"capti-toolbox\" class=\"capti-toolbox-close\"><\/div>\n<div id=\"cap-small-context-menu\"><\/div>\n","protected":false},"excerpt":{"rendered":"<p><a href=\"https:\/\/www.social.cat\/opinions\/autor\/victor-saura\">V\u00edctor Saura <\/a><br \/>\n<a href=\"https:\/\/projectes.xtec.cat\/educacioinclusiva\/?attachment_id=9830\" rel=\"attachment wp-att-9830\"><\/a>V\u00edctor Saura \u00e9s periodista i professor de secund\u00e0ria. Ha treballat per diversos mitjans escrits i en els \u00faltims anys ha dirigit\u00a0El Diari de l\u2019Educaci\u00f3.\u00a0Actualment,\u00a0treballa com a inter\u00ed en un institut p\u00fablic de Barcelona. Tamb\u00e9 \u00e9s membre, des de l\u2019any&hellip;  <a href=\"https:\/\/projectes.xtec.cat\/educacioinclusiva\/general\/escola-inclusiva-idees-modestes-per-anar-avancant\/\" title=\"Read Escola inclusiva: idees modestes per anar avan\u00e7ant\">Llegeix m\u00e9s\u00bb<\/a><\/p>\n","protected":false},"author":4,"featured_media":9830,"comment_status":"closed","ping_status":"closed","sticky":false,"template":"","format":"standard","meta":{"_bbp_topic_count":0,"_bbp_reply_count":0,"_bbp_total_topic_count":0,"_bbp_total_reply_count":0,"_bbp_voice_count":0,"_bbp_anonymous_reply_count":0,"_bbp_topic_count_hidden":0,"_bbp_reply_count_hidden":0,"_bbp_forum_subforum_count":0,"footnotes":""},"categories":[1,29],"tags":[],"class_list":["post-9827","post","type-post","status-publish","format-standard","has-post-thumbnail","hentry","category-general","category-portada"],"post_mailing_queue_ids":[],"_links":{"self":[{"href":"https:\/\/projectes.xtec.cat\/educacioinclusiva\/wp-json\/wp\/v2\/posts\/9827","targetHints":{"allow":["GET"]}}],"collection":[{"href":"https:\/\/projectes.xtec.cat\/educacioinclusiva\/wp-json\/wp\/v2\/posts"}],"about":[{"href":"https:\/\/projectes.xtec.cat\/educacioinclusiva\/wp-json\/wp\/v2\/types\/post"}],"author":[{"embeddable":true,"href":"https:\/\/projectes.xtec.cat\/educacioinclusiva\/wp-json\/wp\/v2\/users\/4"}],"replies":[{"embeddable":true,"href":"https:\/\/projectes.xtec.cat\/educacioinclusiva\/wp-json\/wp\/v2\/comments?post=9827"}],"version-history":[{"count":3,"href":"https:\/\/projectes.xtec.cat\/educacioinclusiva\/wp-json\/wp\/v2\/posts\/9827\/revisions"}],"predecessor-version":[{"id":9882,"href":"https:\/\/projectes.xtec.cat\/educacioinclusiva\/wp-json\/wp\/v2\/posts\/9827\/revisions\/9882"}],"wp:featuredmedia":[{"embeddable":true,"href":"https:\/\/projectes.xtec.cat\/educacioinclusiva\/wp-json\/wp\/v2\/media\/9830"}],"wp:attachment":[{"href":"https:\/\/projectes.xtec.cat\/educacioinclusiva\/wp-json\/wp\/v2\/media?parent=9827"}],"wp:term":[{"taxonomy":"category","embeddable":true,"href":"https:\/\/projectes.xtec.cat\/educacioinclusiva\/wp-json\/wp\/v2\/categories?post=9827"},{"taxonomy":"post_tag","embeddable":true,"href":"https:\/\/projectes.xtec.cat\/educacioinclusiva\/wp-json\/wp\/v2\/tags?post=9827"}],"curies":[{"name":"wp","href":"https:\/\/api.w.org\/{rel}","templated":true}]}}