{"id":9884,"date":"2023-07-17T13:27:08","date_gmt":"2023-07-17T11:27:08","guid":{"rendered":"https:\/\/projectes.xtec.cat\/educacioinclusiva\/?p=9884"},"modified":"2023-07-17T13:27:36","modified_gmt":"2023-07-17T11:27:36","slug":"el-siei-una-palanca-de-canvi-cap-a-la-inclusio","status":"publish","type":"post","link":"https:\/\/projectes.xtec.cat\/educacioinclusiva\/general\/el-siei-una-palanca-de-canvi-cap-a-la-inclusio\/","title":{"rendered":"El SIEI, una palanca de canvi cap a la inclusi\u00f3"},"content":{"rendered":"<p><span data-contrast=\"auto\">El passat 28 de juny es va celebrar\u00a0la <\/span><b><span data-contrast=\"auto\">jornada de cloenda per a centres que incorporen un SIEI a la UAB.<\/span><\/b><span data-ccp-props=\"{&quot;201341983&quot;:0,&quot;335559739&quot;:160,&quot;335559740&quot;:360}\">\u00a0<\/span><\/p>\n<p><iframe loading=\"lazy\" title=\"Jornada per als centres que incorporen el SIEI\" width=\"500\" height=\"281\" src=\"https:\/\/www.youtube.com\/embed\/8o8y-iDMExA?feature=oembed\" frameborder=\"0\" allow=\"accelerometer; autoplay; clipboard-write; encrypted-media; gyroscope; picture-in-picture; web-share\" referrerpolicy=\"strict-origin-when-cross-origin\" allowfullscreen><\/iframe><\/p>\n<p><span data-contrast=\"auto\">El SIEI \u00e9s una palanca de canvi que ajuda als centres a avan\u00e7ar cap a la inclusi\u00f3 i per fer-ho cal ampliar les mesures universals al centre. \u00c9s en aquest tema, en el qual es va aprofundir a la taula rodona <strong>\u201cels quatre pilars de les mesures i suports universals<\/strong>\u201d. <strong>L\u2019escola Xarau de Cerdanyola, l\u2019IES Manuel de Montsuar i l\u2019ESC \u00cdtaca de Manresa<\/strong> ens van explicar el seu proc\u00e9s de transformaci\u00f3 i les pr\u00e0ctiques que duen a terme per donar una resposta educativa de qualitat a tot l\u2019alumnat. Us recomanem, doncs, que no us perdeu aquesta gravaci\u00f3 de la taula rodona, on ens parlen de l\u2019organitzaci\u00f3 del centre, la personalitzaci\u00f3 dels aprenentatges, l\u2019orientaci\u00f3 i la tutoria i l\u2019avaluaci\u00f3, amb experi\u00e8ncies reeixides, fruit de la reflexi\u00f3 pedag\u00f2gica i d\u2019un llarg recorregut.\u00a0<\/span><\/p>\n<div id=\"capti-toolbox\" class=\"capti-toolbox-close\"><\/div>\n<div id=\"cap-small-context-menu\"><\/div>\n<div id=\"capti-toolbox\" class=\"capti-toolbox-close\"><\/div>\n<div id=\"cap-small-context-menu\"><\/div>\n<div id=\"capti-toolbox\" class=\"capti-toolbox-close\"><\/div>\n<div id=\"cap-small-context-menu\"><\/div>\n","protected":false},"excerpt":{"rendered":"<p>El passat 28 de juny es va celebrar\u00a0la jornada de cloenda per a centres que incorporen un SIEI a la UAB.\u00a0<\/p>\n<p>El SIEI \u00e9s una palanca de canvi que ajuda als centres a avan\u00e7ar cap a la inclusi\u00f3 i per fer-ho cal ampliar les mesures universals&hellip;  <a href=\"https:\/\/projectes.xtec.cat\/educacioinclusiva\/general\/el-siei-una-palanca-de-canvi-cap-a-la-inclusio\/\" title=\"Read El SIEI, una palanca de canvi cap a la inclusi\u00f3\">Llegeix m\u00e9s\u00bb<\/a><\/p>\n","protected":false},"author":4,"featured_media":9887,"comment_status":"closed","ping_status":"closed","sticky":false,"template":"","format":"standard","meta":{"_bbp_topic_count":0,"_bbp_reply_count":0,"_bbp_total_topic_count":0,"_bbp_total_reply_count":0,"_bbp_voice_count":0,"_bbp_anonymous_reply_count":0,"_bbp_topic_count_hidden":0,"_bbp_reply_count_hidden":0,"_bbp_forum_subforum_count":0,"footnotes":""},"categories":[1,29,307],"tags":[],"class_list":["post-9884","post","type-post","status-publish","format-standard","has-post-thumbnail","hentry","category-general","category-portada","category-siei"],"post_mailing_queue_ids":[],"_links":{"self":[{"href":"https:\/\/projectes.xtec.cat\/educacioinclusiva\/wp-json\/wp\/v2\/posts\/9884","targetHints":{"allow":["GET"]}}],"collection":[{"href":"https:\/\/projectes.xtec.cat\/educacioinclusiva\/wp-json\/wp\/v2\/posts"}],"about":[{"href":"https:\/\/projectes.xtec.cat\/educacioinclusiva\/wp-json\/wp\/v2\/types\/post"}],"author":[{"embeddable":true,"href":"https:\/\/projectes.xtec.cat\/educacioinclusiva\/wp-json\/wp\/v2\/users\/4"}],"replies":[{"embeddable":true,"href":"https:\/\/projectes.xtec.cat\/educacioinclusiva\/wp-json\/wp\/v2\/comments?post=9884"}],"version-history":[{"count":3,"href":"https:\/\/projectes.xtec.cat\/educacioinclusiva\/wp-json\/wp\/v2\/posts\/9884\/revisions"}],"predecessor-version":[{"id":9919,"href":"https:\/\/projectes.xtec.cat\/educacioinclusiva\/wp-json\/wp\/v2\/posts\/9884\/revisions\/9919"}],"wp:featuredmedia":[{"embeddable":true,"href":"https:\/\/projectes.xtec.cat\/educacioinclusiva\/wp-json\/wp\/v2\/media\/9887"}],"wp:attachment":[{"href":"https:\/\/projectes.xtec.cat\/educacioinclusiva\/wp-json\/wp\/v2\/media?parent=9884"}],"wp:term":[{"taxonomy":"category","embeddable":true,"href":"https:\/\/projectes.xtec.cat\/educacioinclusiva\/wp-json\/wp\/v2\/categories?post=9884"},{"taxonomy":"post_tag","embeddable":true,"href":"https:\/\/projectes.xtec.cat\/educacioinclusiva\/wp-json\/wp\/v2\/tags?post=9884"}],"curies":[{"name":"wp","href":"https:\/\/api.w.org\/{rel}","templated":true}]}}