{"id":9939,"date":"2023-07-18T11:37:38","date_gmt":"2023-07-18T09:37:38","guid":{"rendered":"https:\/\/projectes.xtec.cat\/educacioinclusiva\/?p=9939"},"modified":"2023-07-18T12:21:56","modified_gmt":"2023-07-18T10:21:56","slug":"3r-plenari-de-la-tapsei","status":"publish","type":"post","link":"https:\/\/projectes.xtec.cat\/educacioinclusiva\/portada\/3r-plenari-de-la-tapsei\/","title":{"rendered":"Recupera el 3r Plenari de la TaPSEI"},"content":{"rendered":"<p style=\"font-weight: 400;\">El passat <strong style=\"font-weight: 400;\">3 de juliol <\/strong>es va celebrar el <strong style=\"font-weight: 400;\">3r Plenari de la Taula de Participaci\u00f3 per un Sistema Educatiu Inclusiu<\/strong><strong>\u00a0(TaPSEI)<\/strong> al Teatre del Centre C\u00edvic Zona Nord<\/p>\n<p>En aquest Plenari es van tractar els punts seg\u00fcents:<\/p>\n<ul>\n<li>Resultats i conclusions del proc\u00e9s participatiu amb l\u2019alumnat.<\/li>\n<li>Compromisos de la DG d\u2019Educaci\u00f3 Inclusiva de cara al curs vinent.<\/li>\n<li>Proposta de continu\u00eftat de la TaPSEI. 2n cicle de treball curs 2023-2024.<\/li>\n<\/ul>\n<p>Si no hi vas poder assistir aqu\u00ed et deixem la gravaci\u00f3 perqu\u00e8 puguis recuperar-la.<\/p>\n<p><iframe loading=\"lazy\" title=\"3r Plenari de la TaPSEI\" width=\"500\" height=\"281\" src=\"https:\/\/www.youtube.com\/embed\/okL5DPlRWD0?feature=oembed\" frameborder=\"0\" allow=\"accelerometer; autoplay; clipboard-write; encrypted-media; gyroscope; picture-in-picture; web-share\" referrerpolicy=\"strict-origin-when-cross-origin\" allowfullscreen><\/iframe><\/p>\n<div id=\"cap-small-context-menu\" class=\" \" style=\"left: 486.25px; top: 228.969px;\">\n<div class=\"capti-item-parent\"><\/div>\n<\/div>\n<div title=\"Play (Alt + Q)\">\n<div id=\"cap-small-context-menu\" class=\" \" style=\"left: 486.25px; top: 228.969px;\">\n<div class=\"capti-item-parent\">\n<div title=\"Play (Alt + Q)\"><span style=\"font-family: inherit; font-size: 1em;\">Us adjuntem el <\/span><a style=\"font-family: inherit; font-size: 1em;\" href=\"https:\/\/projectes.xtec.cat\/educacioinclusiva\/wp-content\/uploads\/usu2065\/2023\/07\/Monografic-escola-inclusiva-Social.cat_.pdf\" target=\"_blank\" rel=\"attachment noopener wp-att-9948\">monogr\u00e0fic Fent cam\u00ed cap a l&#8217;educaci\u00f3 inclusiva<\/a><span style=\"font-family: inherit; font-size: 1em;\"> que es va repartir a la jornada.<\/span><\/div>\n<div title=\"Play (Alt + Q)\"><\/div>\n<div title=\"Play (Alt + Q)\"><\/div>\n<div title=\"Play (Alt + Q)\"><span style=\"font-family: inherit; font-size: 1em;\">Si <\/span><span style=\"font-family: inherit; font-size: 1em;\">voleu estar al corrent de totes les not\u00edcies del Nodes de la Direcci\u00f3 General d&#8217;Educaci\u00f3 inclusiva podeu inscriure-us en <\/span><a style=\"font-family: inherit; font-size: 1em;\" href=\"https:\/\/forms.gle\/5y7byaRtiQfFvkJP7\" target=\"_blank\" rel=\"noopener\">aquest formulari.<\/a><\/div>\n<\/div>\n<\/div>\n<\/div>\n<div id=\"cap-small-context-menu\" class=\" \" style=\"left: 486.25px; top: 228.969px;\">\n<div class=\"capti-item-parent\">\n<div title=\"Play (Alt + Q)\"><\/div>\n<\/div>\n<\/div>\n<div id=\"capti-toolbox\" class=\"capti-toolbox-close\"><\/div>\n<div id=\"cap-small-context-menu\" class=\" active\" style=\"left: 67.125px; top: 132.188px;\">\n<div class=\"capti-item-parent\">\n<div class=\"capti-icon capti-play-toolbox\" title=\"Play (Alt + Q)\"><\/div>\n<\/div>\n<div class=\"capti-item-parent\">\n<div class=\"capti-icon capti-view-toolbox\" title=\"View (Alt + X)\"><\/div>\n<\/div>\n<div class=\"capti-item-parent\">\n<div class=\"capti-icon capti-define-toolbox\" title=\"Define\"><\/div>\n<\/div>\n<div class=\"capti-item-parent\">\n<div class=\"capti-icon capti-transition-toolbox\" title=\"Translate\"><\/div>\n<\/div>\n<\/div>\n<div id=\"capti-toolbox\" class=\"capti-toolbox-close\"><\/div>\n<div id=\"cap-small-context-menu\" class=\" \" style=\"left: 210.523px; top: 41px;\">\n<div class=\"capti-item-parent\">\n<div class=\"capti-icon capti-play-toolbox\" title=\"Play (Alt + Q)\"><\/div>\n<\/div>\n<div class=\"capti-item-parent\">\n<div class=\"capti-icon capti-view-toolbox\" title=\"View (Alt + X)\"><\/div>\n<\/div>\n<div class=\"capti-item-parent\">\n<div class=\"capti-icon capti-define-toolbox\" title=\"Define\"><\/div>\n<\/div>\n<div class=\"capti-item-parent\">\n<div class=\"capti-icon capti-transition-toolbox\" title=\"Translate\"><\/div>\n<\/div>\n<\/div>\n<div id=\"capti-toolbox\" class=\"capti-toolbox-close\"><\/div>\n<div id=\"cap-small-context-menu\" class=\" \" style=\"left: 345.93px; top: 1084.56px;\">\n<div class=\"capti-item-parent\">\n<div class=\"capti-icon capti-play-toolbox\" title=\"Play (Alt + Q)\"><\/div>\n<\/div>\n<div class=\"capti-item-parent\">\n<div class=\"capti-icon capti-view-toolbox\" title=\"View (Alt + X)\"><\/div>\n<\/div>\n<div class=\"capti-item-parent\">\n<div class=\"capti-icon capti-define-toolbox\" title=\"Define\"><\/div>\n<\/div>\n<div class=\"capti-item-parent\">\n<div class=\"capti-icon capti-transition-toolbox\" title=\"Translate\"><\/div>\n<\/div>\n<\/div>\n<div id=\"capti-toolbox\" class=\"capti-toolbox-close\"><\/div>\n<div id=\"cap-small-context-menu\" class=\" \" style=\"left: 345.93px; top: 1116.56px;\">\n<div class=\"capti-item-parent\">\n<div class=\"capti-icon capti-play-toolbox\" title=\"Play (Alt + Q)\"><\/div>\n<\/div>\n<div class=\"capti-item-parent\">\n<div class=\"capti-icon capti-view-toolbox\" title=\"View (Alt + X)\"><\/div>\n<\/div>\n<div class=\"capti-item-parent\">\n<div class=\"capti-icon capti-define-toolbox\" title=\"Define\"><\/div>\n<\/div>\n<div class=\"capti-item-parent\">\n<div class=\"capti-icon capti-transition-toolbox\" title=\"Translate\"><\/div>\n<\/div>\n<\/div>\n<div id=\"capti-toolbox\" class=\"capti-toolbox-close\"><\/div>\n<div id=\"cap-small-context-menu\"><\/div>\n<div id=\"capti-toolbox\" class=\"capti-toolbox-close\"><\/div>\n<div id=\"cap-small-context-menu\" class=\" \" style=\"left: 699.5px; top: 1116.56px;\">\n<div class=\"capti-item-parent\">\n<div class=\"capti-icon capti-play-toolbox\" title=\"Play (Alt + Q)\"><\/div>\n<\/div>\n<div class=\"capti-item-parent\">\n<div class=\"capti-icon capti-view-toolbox\" title=\"View (Alt + X)\"><\/div>\n<\/div>\n<div class=\"capti-item-parent\">\n<div class=\"capti-icon capti-define-toolbox\" title=\"Define\"><\/div>\n<\/div>\n<div class=\"capti-item-parent\">\n<div class=\"capti-icon capti-transition-toolbox\" title=\"Translate\"><\/div>\n<\/div>\n<\/div>\n","protected":false},"excerpt":{"rendered":"<p>El passat 3 de juliol es va celebrar el 3r Plenari de la Taula de Participaci\u00f3 per un Sistema Educatiu Inclusiu\u00a0(TaPSEI) al Teatre del Centre C\u00edvic Zona Nord<br \/>\nEn aquest Plenari es van tractar els punts seg\u00fcents:<\/p>\n<ul>\n<li>Resultats i conclusions del proc\u00e9s participatiu amb l\u2019alumnat.<\/li>\n<li>Compromisos de la&hellip;  <a href=\"https:\/\/projectes.xtec.cat\/educacioinclusiva\/portada\/3r-plenari-de-la-tapsei\/\" title=\"Read Recupera el 3r Plenari de la TaPSEI\">Llegeix m\u00e9s\u00bb<\/a><br \/>\n","protected":false},"author":4,"featured_media":9945,"comment_status":"closed","ping_status":"closed","sticky":false,"template":"","format":"standard","meta":{"_bbp_topic_count":0,"_bbp_reply_count":0,"_bbp_total_topic_count":0,"_bbp_total_reply_count":0,"_bbp_voice_count":0,"_bbp_anonymous_reply_count":0,"_bbp_topic_count_hidden":0,"_bbp_reply_count_hidden":0,"_bbp_forum_subforum_count":0,"footnotes":""},"categories":[29,384],"tags":[],"class_list":["post-9939","post","type-post","status-publish","format-standard","has-post-thumbnail","hentry","category-portada","category-tapsei"],"post_mailing_queue_ids":[],"_links":{"self":[{"href":"https:\/\/projectes.xtec.cat\/educacioinclusiva\/wp-json\/wp\/v2\/posts\/9939","targetHints":{"allow":["GET"]}}],"collection":[{"href":"https:\/\/projectes.xtec.cat\/educacioinclusiva\/wp-json\/wp\/v2\/posts"}],"about":[{"href":"https:\/\/projectes.xtec.cat\/educacioinclusiva\/wp-json\/wp\/v2\/types\/post"}],"author":[{"embeddable":true,"href":"https:\/\/projectes.xtec.cat\/educacioinclusiva\/wp-json\/wp\/v2\/users\/4"}],"replies":[{"embeddable":true,"href":"https:\/\/projectes.xtec.cat\/educacioinclusiva\/wp-json\/wp\/v2\/comments?post=9939"}],"version-history":[{"count":4,"href":"https:\/\/projectes.xtec.cat\/educacioinclusiva\/wp-json\/wp\/v2\/posts\/9939\/revisions"}],"predecessor-version":[{"id":9955,"href":"https:\/\/projectes.xtec.cat\/educacioinclusiva\/wp-json\/wp\/v2\/posts\/9939\/revisions\/9955"}],"wp:featuredmedia":[{"embeddable":true,"href":"https:\/\/projectes.xtec.cat\/educacioinclusiva\/wp-json\/wp\/v2\/media\/9945"}],"wp:attachment":[{"href":"https:\/\/projectes.xtec.cat\/educacioinclusiva\/wp-json\/wp\/v2\/media?parent=9939"}],"wp:term":[{"taxonomy":"category","embeddable":true,"href":"https:\/\/projectes.xtec.cat\/educacioinclusiva\/wp-json\/wp\/v2\/categories?post=9939"},{"taxonomy":"post_tag","embeddable":true,"href":"https:\/\/projectes.xtec.cat\/educacioinclusiva\/wp-json\/wp\/v2\/tags?post=9939"}],"curies":[{"name":"wp","href":"https:\/\/api.w.org\/{rel}","templated":true}]}}