{"id":12569,"date":"2024-05-15T12:39:43","date_gmt":"2024-05-15T10:39:43","guid":{"rendered":"https:\/\/projectes.xtec.cat\/empresafp\/?p=12569"},"modified":"2024-05-15T12:59:29","modified_gmt":"2024-05-15T10:59:29","slug":"conveni-amb-lempresa-hoy-voy-a-conducir-s-l","status":"publish","type":"post","link":"https:\/\/projectes.xtec.cat\/empresafp\/general\/conveni-amb-lempresa-hoy-voy-a-conducir-s-l\/","title":{"rendered":"Conveni amb l&#8217;empresa HOY\u00a0VOY\u00a0A\u00a0CONDUCIR, S.L"},"content":{"rendered":"<div><span class=\"im\">Celebrem la implicaci\u00f3 i comprom\u00eds de les autoescoles de l&#8217;empresa\u00a0HOY\u00a0VOY\u00a0A\u00a0CONDUCIR, S.L. amb la formaci\u00f3 Dual.<\/p>\n<p><\/span>Amb ells s&#8217;ha formalitzat el primer conveni Dual en el Cicle Formatiu de Grau Superior Formaci\u00f3 per a la Mobilitat Segura i Sostenible i l&#8217;empresa ha apostat per un contracte per a la formaci\u00f3 en alternan\u00e7a.<\/p>\n<p>L&#8217;Elisabet Mart\u00ednez (Directora\u00a0RRHH\u00a0i Laboral), la\u00a0Bego\u00f1a\u00a0Valle (Directora\u00a0Qualitat i Investigaci\u00f3) i en Borja\u00a0Hernanz\u00a0(Director\u00a0Hoy-voy\u00a0Sant Antoni) ens van ensenyar les instal\u00b7lacions de l&#8217;oficina central al carrer Pujades i de l&#8217;autoescola de la Pla\u00e7a Narc\u00eds Oller de Barcelona.<\/p><\/div>\n<div><\/div>\n<div><a href=\"https:\/\/projectes.xtec.cat\/empresafp\/wp-content\/uploads\/usu779\/2024\/05\/IMG_1185-pixels-scaled.jpg\"><img loading=\"lazy\" decoding=\"async\" class=\"alignnone size-large wp-image-12571\" src=\"https:\/\/projectes.xtec.cat\/empresafp\/wp-content\/uploads\/usu779\/2024\/05\/IMG_1185-pixels-1024x768.jpg\" alt=\"\" width=\"1024\" height=\"768\" srcset=\"https:\/\/projectes.xtec.cat\/empresafp\/wp-content\/uploads\/usu779\/2024\/05\/IMG_1185-pixels-1024x768.jpg 1024w, https:\/\/projectes.xtec.cat\/empresafp\/wp-content\/uploads\/usu779\/2024\/05\/IMG_1185-pixels-300x225.jpg 300w, https:\/\/projectes.xtec.cat\/empresafp\/wp-content\/uploads\/usu779\/2024\/05\/IMG_1185-pixels-768x576.jpg 768w, https:\/\/projectes.xtec.cat\/empresafp\/wp-content\/uploads\/usu779\/2024\/05\/IMG_1185-pixels-1536x1152.jpg 1536w, https:\/\/projectes.xtec.cat\/empresafp\/wp-content\/uploads\/usu779\/2024\/05\/IMG_1185-pixels-2048x1536.jpg 2048w, https:\/\/projectes.xtec.cat\/empresafp\/wp-content\/uploads\/usu779\/2024\/05\/IMG_1185-pixels-200x150.jpg 200w\" sizes=\"auto, (max-width: 1024px) 100vw, 1024px\" \/><\/a> <a href=\"https:\/\/projectes.xtec.cat\/empresafp\/wp-content\/uploads\/usu779\/2024\/05\/IMG_1172-pixels-scaled.jpg\"><img loading=\"lazy\" decoding=\"async\" class=\"alignnone size-large wp-image-12572\" src=\"https:\/\/projectes.xtec.cat\/empresafp\/wp-content\/uploads\/usu779\/2024\/05\/IMG_1172-pixels-1024x525.jpg\" alt=\"\" width=\"1024\" height=\"525\" srcset=\"https:\/\/projectes.xtec.cat\/empresafp\/wp-content\/uploads\/usu779\/2024\/05\/IMG_1172-pixels-1024x525.jpg 1024w, https:\/\/projectes.xtec.cat\/empresafp\/wp-content\/uploads\/usu779\/2024\/05\/IMG_1172-pixels-300x154.jpg 300w, https:\/\/projectes.xtec.cat\/empresafp\/wp-content\/uploads\/usu779\/2024\/05\/IMG_1172-pixels-768x394.jpg 768w, https:\/\/projectes.xtec.cat\/empresafp\/wp-content\/uploads\/usu779\/2024\/05\/IMG_1172-pixels-1536x788.jpg 1536w, https:\/\/projectes.xtec.cat\/empresafp\/wp-content\/uploads\/usu779\/2024\/05\/IMG_1172-pixels-2048x1051.jpg 2048w\" sizes=\"auto, (max-width: 1024px) 100vw, 1024px\" \/><\/a> <a href=\"https:\/\/projectes.xtec.cat\/empresafp\/wp-content\/uploads\/usu779\/2024\/05\/IMG_1182pixels-scaled.jpg\"><img loading=\"lazy\" decoding=\"async\" class=\"alignnone size-large wp-image-12573\" src=\"https:\/\/projectes.xtec.cat\/empresafp\/wp-content\/uploads\/usu779\/2024\/05\/IMG_1182pixels-1024x768.jpg\" alt=\"\" width=\"1024\" height=\"768\" srcset=\"https:\/\/projectes.xtec.cat\/empresafp\/wp-content\/uploads\/usu779\/2024\/05\/IMG_1182pixels-1024x768.jpg 1024w, https:\/\/projectes.xtec.cat\/empresafp\/wp-content\/uploads\/usu779\/2024\/05\/IMG_1182pixels-300x225.jpg 300w, https:\/\/projectes.xtec.cat\/empresafp\/wp-content\/uploads\/usu779\/2024\/05\/IMG_1182pixels-768x576.jpg 768w, https:\/\/projectes.xtec.cat\/empresafp\/wp-content\/uploads\/usu779\/2024\/05\/IMG_1182pixels-1536x1152.jpg 1536w, https:\/\/projectes.xtec.cat\/empresafp\/wp-content\/uploads\/usu779\/2024\/05\/IMG_1182pixels-2048x1536.jpg 2048w, https:\/\/projectes.xtec.cat\/empresafp\/wp-content\/uploads\/usu779\/2024\/05\/IMG_1182pixels-200x150.jpg 200w\" sizes=\"auto, (max-width: 1024px) 100vw, 1024px\" \/><\/a><\/div>\n<div><a href=\"https:\/\/projectes.xtec.cat\/empresafp\/wp-content\/uploads\/usu779\/2024\/05\/IMG_1186-scaled.jpg\"><img loading=\"lazy\" decoding=\"async\" class=\"alignnone size-large wp-image-12570\" src=\"https:\/\/projectes.xtec.cat\/empresafp\/wp-content\/uploads\/usu779\/2024\/05\/IMG_1186-1024x768.jpg\" alt=\"\" width=\"1024\" height=\"768\" srcset=\"https:\/\/projectes.xtec.cat\/empresafp\/wp-content\/uploads\/usu779\/2024\/05\/IMG_1186-1024x768.jpg 1024w, https:\/\/projectes.xtec.cat\/empresafp\/wp-content\/uploads\/usu779\/2024\/05\/IMG_1186-300x225.jpg 300w, https:\/\/projectes.xtec.cat\/empresafp\/wp-content\/uploads\/usu779\/2024\/05\/IMG_1186-768x576.jpg 768w, https:\/\/projectes.xtec.cat\/empresafp\/wp-content\/uploads\/usu779\/2024\/05\/IMG_1186-1536x1152.jpg 1536w, https:\/\/projectes.xtec.cat\/empresafp\/wp-content\/uploads\/usu779\/2024\/05\/IMG_1186-2048x1536.jpg 2048w, https:\/\/projectes.xtec.cat\/empresafp\/wp-content\/uploads\/usu779\/2024\/05\/IMG_1186-200x150.jpg 200w\" sizes=\"auto, (max-width: 1024px) 100vw, 1024px\" \/><\/a><\/div>\n","protected":false},"excerpt":{"rendered":"<p>Celebrem la implicaci\u00f3 i comprom\u00eds de les autoescoles de l&#8217;empresa\u00a0HOY\u00a0VOY\u00a0A\u00a0CONDUCIR, S.L. amb la formaci\u00f3 Dual.<br \/>\nAmb ells s&#8217;ha formalitzat el primer conveni Dual en el Cicle Formatiu de Grau Superior Formaci\u00f3 per a la Mobilitat Segura i Sostenible i l&#8217;empresa ha apostat per un contracte per&hellip;  <a href=\"https:\/\/projectes.xtec.cat\/empresafp\/general\/conveni-amb-lempresa-hoy-voy-a-conducir-s-l\/\" title=\"Read Conveni amb l&#8217;empresa HOY\u00a0VOY\u00a0A\u00a0CONDUCIR, S.L\">Llegeix m\u00e9s\u00bb<\/a><\/p>\n","protected":false},"author":29,"featured_media":0,"comment_status":"open","ping_status":"closed","sticky":false,"template":"","format":"standard","meta":{"_bbp_topic_count":0,"_bbp_reply_count":0,"_bbp_total_topic_count":0,"_bbp_total_reply_count":0,"_bbp_voice_count":0,"_bbp_anonymous_reply_count":0,"_bbp_topic_count_hidden":0,"_bbp_reply_count_hidden":0,"_bbp_forum_subforum_count":0,"footnotes":""},"categories":[309,285,1,286,306],"tags":[],"class_list":["post-12569","post","type-post","status-publish","format-standard","hentry","category-bones-practiques-centres","category-empresa-fp","category-general","category-gestioconveni","category-portada"],"post_mailing_queue_ids":[],"_links":{"self":[{"href":"https:\/\/projectes.xtec.cat\/empresafp\/wp-json\/wp\/v2\/posts\/12569","targetHints":{"allow":["GET"]}}],"collection":[{"href":"https:\/\/projectes.xtec.cat\/empresafp\/wp-json\/wp\/v2\/posts"}],"about":[{"href":"https:\/\/projectes.xtec.cat\/empresafp\/wp-json\/wp\/v2\/types\/post"}],"author":[{"embeddable":true,"href":"https:\/\/projectes.xtec.cat\/empresafp\/wp-json\/wp\/v2\/users\/29"}],"replies":[{"embeddable":true,"href":"https:\/\/projectes.xtec.cat\/empresafp\/wp-json\/wp\/v2\/comments?post=12569"}],"version-history":[{"count":4,"href":"https:\/\/projectes.xtec.cat\/empresafp\/wp-json\/wp\/v2\/posts\/12569\/revisions"}],"predecessor-version":[{"id":12578,"href":"https:\/\/projectes.xtec.cat\/empresafp\/wp-json\/wp\/v2\/posts\/12569\/revisions\/12578"}],"wp:attachment":[{"href":"https:\/\/projectes.xtec.cat\/empresafp\/wp-json\/wp\/v2\/media?parent=12569"}],"wp:term":[{"taxonomy":"category","embeddable":true,"href":"https:\/\/projectes.xtec.cat\/empresafp\/wp-json\/wp\/v2\/categories?post=12569"},{"taxonomy":"post_tag","embeddable":true,"href":"https:\/\/projectes.xtec.cat\/empresafp\/wp-json\/wp\/v2\/tags?post=12569"}],"curies":[{"name":"wp","href":"https:\/\/api.w.org\/{rel}","templated":true}]}}