{"id":8809,"date":"2021-03-08T15:04:22","date_gmt":"2021-03-08T14:04:22","guid":{"rendered":"https:\/\/projectes.xtec.cat\/empresafp\/?p=8809"},"modified":"2021-03-08T15:04:27","modified_gmt":"2021-03-08T14:04:27","slug":"convocatoria-de-programes-dinnovacio","status":"publish","type":"post","link":"https:\/\/projectes.xtec.cat\/empresafp\/portada\/empresa-fp\/convocatoria-de-programes-dinnovacio\/","title":{"rendered":"Convocat\u00f2ria de programes d&#8217;innovaci\u00f3"},"content":{"rendered":"<p><strong>El proper dia 15 de mar\u00e7 es dona el tret de sortida a la convocat\u00f2ria \u00fanica de programes d&#8217;innovaci\u00f3 d&#8217;FP i ERE<\/strong><\/p>\n<p>La formaci\u00f3 professional ha de donar resposta als requeriments del teixit productiu i de serveis perqu\u00e8 l&#8217;empresa disposi de professionals qualificats amb els coneixements, compet\u00e8ncies i habilitats que necessita per millorar la seva competitivitat (EMPRESAFP). Qu\u00e8 pot fer una empresa per el nostre alumnat i professorat? Qu\u00e8 pot fer un centre per adequar-se a les necessitats d&#8217;una empresa? Com pot col\u00b7laborar l&#8217;empresa per augmentar la qualitat i fomentar la innovaci\u00f3 en la formaci\u00f3 professional? Amb aquesta cooperaci\u00f3, els centres educatius estableixen vincles amb les empreses, que reverteixen en la millora de la qualificaci\u00f3 professional de l&#8217;alumnat i el fan part\u00edcip de la realitat del sector productiu o de serveis per al qual s&#8217;est\u00e0 formant. Aquest vincle \u00e9s molt m\u00e9s fort i estable amb la implementaci\u00f3 de projectes com la formaci\u00f3 professional dual (FPDUAL).<\/p>\n<p>La irrupci\u00f3 dels programes d&#8217;innovaci\u00f3 en els centres es una finestra d&#8217;aire fresc que ajuda als centres a trobar les eines amb qu\u00e8 poder construir un horitz\u00f3 al qual puguin mirar els estudiants que cada dia trepitgen les seves aules. En definitiva, representen l&#8217;impuls de la formaci\u00f3 professional com a agent de canvi amb la capacitat d&#8217;escriure la realitat professional d&#8217;un futur cada vegada m\u00e9s proper.<\/p>\n<p>Forma part del canvi, inscriu-te als programes d&#8217;innovaci\u00f3!<\/p>\n<p><a href=\"http:\/\/educacio.gencat.cat\/ca\/inici\/nota-premsa\/convocatories-fp-00001\">M\u00e9s info<\/a><\/p>\n<p>&nbsp;<\/p>\n","protected":false},"excerpt":{"rendered":"<p>El proper dia 15 de mar\u00e7 es dona el tret de sortida a la convocat\u00f2ria \u00fanica de programes d&#8217;innovaci\u00f3 d&#8217;FP i ERE<br \/>\nLa formaci\u00f3 professional ha de donar resposta als requeriments del teixit productiu i de serveis perqu\u00e8 l&#8217;empresa disposi de professionals qualificats amb els coneixements,&hellip;  <a href=\"https:\/\/projectes.xtec.cat\/empresafp\/portada\/empresa-fp\/convocatoria-de-programes-dinnovacio\/\" title=\"Read Convocat\u00f2ria de programes d&#8217;innovaci\u00f3\">Llegeix m\u00e9s\u00bb<\/a><\/p>\n","protected":false},"author":16,"featured_media":8810,"comment_status":"open","ping_status":"closed","sticky":false,"template":"","format":"standard","meta":{"_bbp_topic_count":0,"_bbp_reply_count":0,"_bbp_total_topic_count":0,"_bbp_total_reply_count":0,"_bbp_voice_count":0,"_bbp_anonymous_reply_count":0,"_bbp_topic_count_hidden":0,"_bbp_reply_count_hidden":0,"_bbp_forum_subforum_count":0,"footnotes":""},"categories":[285],"tags":[],"class_list":["post-8809","post","type-post","status-publish","format-standard","has-post-thumbnail","hentry","category-empresa-fp"],"post_mailing_queue_ids":[],"_links":{"self":[{"href":"https:\/\/projectes.xtec.cat\/empresafp\/wp-json\/wp\/v2\/posts\/8809","targetHints":{"allow":["GET"]}}],"collection":[{"href":"https:\/\/projectes.xtec.cat\/empresafp\/wp-json\/wp\/v2\/posts"}],"about":[{"href":"https:\/\/projectes.xtec.cat\/empresafp\/wp-json\/wp\/v2\/types\/post"}],"author":[{"embeddable":true,"href":"https:\/\/projectes.xtec.cat\/empresafp\/wp-json\/wp\/v2\/users\/16"}],"replies":[{"embeddable":true,"href":"https:\/\/projectes.xtec.cat\/empresafp\/wp-json\/wp\/v2\/comments?post=8809"}],"version-history":[{"count":1,"href":"https:\/\/projectes.xtec.cat\/empresafp\/wp-json\/wp\/v2\/posts\/8809\/revisions"}],"predecessor-version":[{"id":8811,"href":"https:\/\/projectes.xtec.cat\/empresafp\/wp-json\/wp\/v2\/posts\/8809\/revisions\/8811"}],"wp:featuredmedia":[{"embeddable":true,"href":"https:\/\/projectes.xtec.cat\/empresafp\/wp-json\/wp\/v2\/media\/8810"}],"wp:attachment":[{"href":"https:\/\/projectes.xtec.cat\/empresafp\/wp-json\/wp\/v2\/media?parent=8809"}],"wp:term":[{"taxonomy":"category","embeddable":true,"href":"https:\/\/projectes.xtec.cat\/empresafp\/wp-json\/wp\/v2\/categories?post=8809"},{"taxonomy":"post_tag","embeddable":true,"href":"https:\/\/projectes.xtec.cat\/empresafp\/wp-json\/wp\/v2\/tags?post=8809"}],"curies":[{"name":"wp","href":"https:\/\/api.w.org\/{rel}","templated":true}]}}